{"id":466000,"date":"2025-10-15T22:58:21","date_gmt":"2025-10-15T22:58:21","guid":{"rendered":"https:\/\/www.europesays.com\/fr\/466000\/"},"modified":"2025-10-15T22:58:21","modified_gmt":"2025-10-15T22:58:21","slug":"avant-premiere-tout-pour-la-lumiere-du-vendredi-17-octobre-2025-episode-90-tf1","status":"publish","type":"post","link":"https:\/\/www.europesays.com\/fr\/466000\/","title":{"rendered":"Avant-premi\u00e8re &#8211; Tout pour la lumi\u00e8re du vendredi 17 octobre 2025 &#8211; Episode 90 &#8211; TF1+"},"content":{"rendered":"<ol>\n<li><a href=\"https:\/\/news.google.com\/rss\/articles\/CBMi1gFBVV95cUxOdkJfTGo0a0N3cWh3Q3BUeGpDMDhpbVN1ckN2YW5RdjBFQ0RmV1lFVVVvTzRtSGx0UGl5di1zYVNaQ1JVQTBuR2tqY1JpVjJETWpvNlhqcFJyM2xJSkh3ano1R1NVR01HNHBSWDZhdWFtQ0F6WHlqNl9aNVNjb2pHbTdFWUlTYUhSMXVzRnFTOVBETTlKUGF3SE5zRlRULTc0TUhweTFxZXptQllHWlMxS2FyLWtZb19jU0hTUXlqMHl5aWw0blRoVlBvWEc3QXN0UG03QlhR?oc=5\" target=\"_blank\" rel=\"noopener\">Avant-premi\u00e8re &#8211; Tout pour la lumi\u00e8re du vendredi 17 octobre 2025 &#8211; Episode 90<\/a>&nbsp;&nbsp;TF1+<\/li>\n<li><a href=\"https:\/\/news.google.com\/rss\/articles\/CBMifkFVX3lxTFBfREczUy15enp1TWdlcFh3Q0lpRXB2aml5RkFpdlRFd2g4a25Fa3VFT3RNa0pQb08xazA3bDBpb2xiN0FDUm82bmZjdE5ZTkgzd2FNS2Q2aXJpNUtud2dZSWJTMzlIdG9PYVA4M3dabzQtUUlTUVR1MThoVXRHUQ?oc=5\" target=\"_blank\" rel=\"noopener\">Changement de programme : TF1 bouleverse la diffusion de \u00ab\u00a0Tout pour la lumi\u00e8re\u00a0\u00bb ce lundi 13 octobre 2025<\/a>&nbsp;&nbsp;AlloCin\u00e9<\/li>\n<li><a href=\"https:\/\/news.google.com\/rss\/articles\/CBMilwJBVV95cUxQRFB2Q1k3Y1RfdzBUd0QtM3VqVTU1bUhJWDhqN1ZlM0xZN0hFMk5hMWRjaVRyQjBkczFPc0ZHT0h5dHgxT2xqd2pIb0dFanJ2VWJDVkFZWFh2bkQtejltWS1lT3EyWm5ac0RkaDJLODZ6djRqWXptckhOd25ZWEt6S3UyWTZGSDg5aFIzdTRQNDVCNFNsV2ZEMDJNOF9mV3JVbEVGRjI5U0RqU0hITEg1Vy1LTDZybzBwM2ZoT1Mwa3pKc1JJYTloTlBnSXBxZ28tY3l6TUdWdXZfcTVha1VGRjdZbng3b2Q1TnV1TWFrYVZUQVdvSHJJU21qOFF1SFladGtoN2RJeVBnTWVhWFJNMG50czJVa0U?oc=5\" target=\"_blank\" rel=\"noopener\">Tout pour la lumi\u00e8re : Swann pr\u00eat \u00e0 tout pour saboter l&rsquo;audition d&rsquo;Eden ! Le r\u00e9sum\u00e9 du mercredi 15 octobre (SPOILERS)<\/a>&nbsp;&nbsp;T\u00e9l\u00e9 7 Jours<\/li>\n<li><a href=\"https:\/\/news.google.com\/rss\/articles\/CBMigwFBVV95cUxNcHFldTZBMVdYTjBWT2NfZFpZMmZUQU13eUhiZDYycFBUdWhFTHBSVnlvdnY5anBaTE43cHVzR19UakxTYV9pQkJraDVjcE5pNlpTM1JIY2RraVQyWEV4LVBtX2ZXRE1QY3Z4ZXpsNHRETnVZaWN1NVR6ZkUyNmVROVlLbw?oc=5\" target=\"_blank\" rel=\"noopener\">Tout pour la lumi\u00e8re : Florence a-t-elle eu un r\u00f4le dans le sabotage des auditions ? Le r\u00e9sum\u00e9 du mardi 14 octobre (SPOILERS)<\/a>&nbsp;&nbsp;Yahoo Actualit\u00e9s<\/li>\n<li><a href=\"https:\/\/news.google.com\/rss\/articles\/CBMiqwFBVV95cUxOSi1KVEhRblhOWldNNzlYVFBqNF9pR2ZhSjFKQmplTUZwXzRELXhtNDU5TERNM2ljZnU0R3dHMk9ScWpfWUp3cVRsdTV3R0JCS2g3U25YUU9WTjJpNWtrLVVDZE1TQTNKdk8zRng2NTBELVdyWndZQW5IcFNVSzdtc1NjWlRCY2ROV0t4cEtWbl93MEVOZVcyYmhpQ3JJakZGTDI0a2hTaFprRnM?oc=5\" target=\"_blank\" rel=\"noopener\">Tout pour la lumi\u00e8re s\u2019arr\u00eate vendredi sur TF1 : la s\u00e9rie aura-t-elle une saison 2 ?<\/a>&nbsp;&nbsp;Serieously<\/li>\n<\/ol>\n","protected":false},"excerpt":{"rendered":"Avant-premi\u00e8re &#8211; Tout pour la lumi\u00e8re du vendredi 17 octobre 2025 &#8211; Episode 90&nbsp;&nbsp;TF1+ Changement de programme :&hellip;\n","protected":false},"author":2,"featured_media":466001,"comment_status":"","ping_status":"","sticky":false,"template":"","format":"standard","meta":{"footnotes":""},"categories":[1356],"tags":[58,59,1365,41047,31167,41911,1011,27,41909,41919,41923,41910,41920,41924,41916,41915,41921,41922,41917,41918,252,31168,41912,1364,41913,41914],"class_list":{"0":"post-466000","1":"post","2":"type-post","3":"status-publish","4":"format-standard","5":"has-post-thumbnail","7":"category-television","8":"tag-divertissement","9":"tag-entertainment","10":"tag-episode","11":"tag-episode-tf1","12":"tag-episode-tout-pour-la-lumiere","13":"tag-episode-tout-pour-la-lumiere-tf1","14":"tag-fr","15":"tag-france","16":"tag-serie-tout-pour-la-lumiere","17":"tag-serie-tout-pour-la-lumiere-streaming","18":"tag-serie-tout-pour-la-lumiere-streaming-gratuit","19":"tag-serie-tout-pour-la-lumiere-tf1","20":"tag-serie-tout-pour-la-lumiere-tf1-streaming","21":"tag-serie-tout-pour-la-lumiere-tf1-streaming-gratuit","22":"tag-serie-tout-pour-la-lumiere-tf1-video","23":"tag-serie-tout-pour-la-lumiere-video","24":"tag-streaming-gratuit-serie-tout-pour-la-lumiere","25":"tag-streaming-gratuit-serie-tout-pour-la-lumiere-tf1","26":"tag-streaming-serie-tout-pour-la-lumiere","27":"tag-streaming-serie-tout-pour-la-lumiere-tf1","28":"tag-television","29":"tag-tout-pour-la-lumiere-episode","30":"tag-tout-pour-la-lumiere-episode-tf1","31":"tag-tv","32":"tag-video-serie-tout-pour-la-lumiere","33":"tag-video-serie-tout-pour-la-lumiere-tf1"},"share_on_mastodon":{"url":"","error":"Validation failed: Text character limit of 500 exceeded"},"_links":{"self":[{"href":"https:\/\/www.europesays.com\/fr\/wp-json\/wp\/v2\/posts\/466000","targetHints":{"allow":["GET"]}}],"collection":[{"href":"https:\/\/www.europesays.com\/fr\/wp-json\/wp\/v2\/posts"}],"about":[{"href":"https:\/\/www.europesays.com\/fr\/wp-json\/wp\/v2\/types\/post"}],"author":[{"embeddable":true,"href":"https:\/\/www.europesays.com\/fr\/wp-json\/wp\/v2\/users\/2"}],"replies":[{"embeddable":true,"href":"https:\/\/www.europesays.com\/fr\/wp-json\/wp\/v2\/comments?post=466000"}],"version-history":[{"count":0,"href":"https:\/\/www.europesays.com\/fr\/wp-json\/wp\/v2\/posts\/466000\/revisions"}],"wp:featuredmedia":[{"embeddable":true,"href":"https:\/\/www.europesays.com\/fr\/wp-json\/wp\/v2\/media\/466001"}],"wp:attachment":[{"href":"https:\/\/www.europesays.com\/fr\/wp-json\/wp\/v2\/media?parent=466000"}],"wp:term":[{"taxonomy":"category","embeddable":true,"href":"https:\/\/www.europesays.com\/fr\/wp-json\/wp\/v2\/categories?post=466000"},{"taxonomy":"post_tag","embeddable":true,"href":"https:\/\/www.europesays.com\/fr\/wp-json\/wp\/v2\/tags?post=466000"}],"curies":[{"name":"wp","href":"https:\/\/api.w.org\/{rel}","templated":true}]}}