{"id":466004,"date":"2025-10-15T23:02:12","date_gmt":"2025-10-15T23:02:12","guid":{"rendered":"https:\/\/www.europesays.com\/fr\/466004\/"},"modified":"2025-10-15T23:02:12","modified_gmt":"2025-10-15T23:02:12","slug":"la-mere-dousmane-dembele-en-justice-pour-ne-pas-avoir-declare-un-cadeau-de-son-fils-de-200-000-euros","status":"publish","type":"post","link":"https:\/\/www.europesays.com\/fr\/466004\/","title":{"rendered":"La m\u00e8re d\u2019Ousmane Demb\u00e9l\u00e9 en justice pour ne pas avoir d\u00e9clar\u00e9 un \u00ab\u00a0cadeau\u00a0\u00bb de son fils de 200.000 euros"},"content":{"rendered":"<p>Un \u00ab\u00a0cadeau\u00a0\u00bb d\u2019anniversaire qui p\u00e8se son pesant d\u2019or et qui vire au litige fiscal. La m\u00e8re du <a href=\"https:\/\/www.20minutes.fr\/sport\/ousmane-dembele\/\" class=\"c-link c-link--is-underlined\" target=\"_blank\" rel=\"noopener\">footballeur Ousmane Demb\u00e9l\u00e9<\/a>, Fatimata Demb\u00e9l\u00e9, a demand\u00e9 mercredi au tribunal administratif de Rennes (Bretagne) d\u2019annuler la taxation d\u2019un virement de 200.000 euros envoy\u00e9 par son fils en\u00a02017.<\/p>\n<p>Un virement que l\u2019<a href=\"https:\/\/www.20minutes.fr\/dossier\/fisc\" class=\"c-link c-link--is-underlined\" target=\"_blank\" rel=\"noopener\">administration fiscale<\/a> consid\u00e8re comme un revenu imposable et non comme un simple cadeau.<\/p>\n<\/p>\n<p>Une \u00ab\u00a0question d\u2019interpr\u00e9tation\u00a0\u00bb<\/p>\n<p>\u00ab M.\u00a0Demb\u00e9l\u00e9 a fait un cadeau \u00e0 sa m\u00e8re, l\u2019administration fiscale consid\u00e8re que c\u2019est un revenu de Madame, imposable, ce que nous contestons\u00a0\u00bb, a expliqu\u00e9 Me Hubert Lefebvre, avocat de la m\u00e8re du c\u00e9l\u00e8bre footballeur d\u00e9tenteur du <a href=\"https:\/\/www.20minutes.fr\/sport\/ballon_d_or-1\/\" class=\"c-link c-link--is-underlined\" target=\"_blank\" rel=\"noopener\">Ballon d\u2019or 2025<\/a>. L\u2019affaire repose selon lui sur \u00ab\u00a0une question d\u2019interpr\u00e9tation d\u2019un texte fiscal\u00a0\u00bb, autour de la qualification du virement effectu\u00e9 en\u00a02017.<\/p>\n<p>Le rapporteur public a pour sa part estim\u00e9 \u00e0 l\u2019audience que la taxation \u00e9tait bien fond\u00e9e, relevant que Fatimata Demb\u00e9l\u00e9 \u00e9tait \u00e0 l\u2019\u00e9poque employ\u00e9e d\u2019une soci\u00e9t\u00e9 g\u00e9rant l\u2019image de son fils, que le transfert avait eu lieu six mois apr\u00e8s son anniversaire et qu\u2019il avait \u00e9t\u00e9 vers\u00e9 sur un compte bancaire espagnol non d\u00e9clar\u00e9, selon Le T\u00e9l\u00e9gramme.<\/p>\n<p>Un \u00ab\u00a0cadeau\u00a0\u00bb d\u2019anniversaire de 200.000 euros<\/p>\n<p>Fatimata Demb\u00e9l\u00e9, absente de l\u2019audience, a demand\u00e9 la d\u00e9charge de la cotisation suppl\u00e9mentaire d\u2019imp\u00f4t sur le revenu qu\u2019elle a d\u00fb verser pour l\u2019ann\u00e9e\u00a02017, comprenant une \u00ab\u00a0contribution exceptionnelle sur les hauts revenus\u00a0\u00bb, des \u00ab\u00a0pr\u00e9l\u00e8vements sociaux\u00a0\u00bb et des p\u00e9nalit\u00e9s.<\/p>\n<p>Pour que ces 200.000 euros soient consid\u00e9r\u00e9s comme un cadeau par l\u2019administration fiscale, ils doivent remplir un crit\u00e8re de \u00ab\u00a0proportionnalit\u00e9 par rapport aux revenus\u00a0\u00bb, et correspondre \u00e0 des \u00ab\u00a0\u00e9v\u00e9nements significatifs de la vie\u00a0\u00bb, a expliqu\u00e9 Me Lefebvre. \u00ab\u00a0On consid\u00e8re que les 40 ans de sa m\u00e8re, c\u2019\u00e9tait une date qui permettait de faire un cadeau\u00a0\u00bb, a fait valoir Me Lefebvre, ajoutant qu\u2019il n\u2019y avait \u00ab\u00a0aucune fraude fiscale\u00a0\u00bb. En cons\u00e9quence, Fatimata Demb\u00e9l\u00e9 n\u2019avait pas d\u00e9clar\u00e9 ce virement dans sa d\u00e9claration de revenus.<\/p>\n<p><a href=\"https:\/\/www.20minutes.fr\/sport\/\" class=\"c-link c-btn c-btn--primary\" target=\"_blank\" rel=\"noopener\">Plus d&rsquo;articles sport<\/a>Un mois apr\u00e8s le sacre du fils<\/p>\n<p>L\u2019audience intervient un mois apr\u00e8s <a href=\"https:\/\/www.20minutes.fr\/sport\/football\/4174599-20250923-ballon-or-2025-vilain-petit-canard-vrai-ballon-or-peuple-comment-dembele-choque-monde\" target=\"_blank\" class=\"c-link c-link--is-underlined\" rel=\"noopener\">le sacre d\u2019Ousmane Demb\u00e9l\u00e9 au Ballon d\u2019Or 2025<\/a>, au cours duquel le joueur du Paris Saint-Germain, form\u00e9 \u00e0 Rennes et pass\u00e9 par le <a href=\"https:\/\/www.20minutes.fr\/sport\/borussia_dortmund\/\" class=\"c-link c-link--is-underlined\" target=\"_blank\" rel=\"noopener\">Borussia Dortmund<\/a>, avait remerci\u00e9 sa m\u00e8re en larmes sur la sc\u00e8ne du Th\u00e9\u00e2tre du Ch\u00e2telet.<\/p>\n<p>Le tribunal administratif de Rennes doit rendre sa d\u00e9cision dans les prochaines semaines.<\/p>\n","protected":false},"excerpt":{"rendered":"Un \u00ab\u00a0cadeau\u00a0\u00bb d\u2019anniversaire qui p\u00e8se son pesant d\u2019or et qui vire au litige fiscal. La m\u00e8re du footballeur&hellip;\n","protected":false},"author":2,"featured_media":466005,"comment_status":"","ping_status":"","sticky":false,"template":"","format":"standard","meta":{"footnotes":""},"categories":[9],"tags":[454,829,526,1011,27,22495,848,303,2782,584,517,60],"class_list":{"0":"post-466004","1":"post","2":"type-post","3":"status-publish","4":"format-standard","5":"has-post-thumbnail","7":"category-sports","8":"tag-ballon-dor","9":"tag-bretagne","10":"tag-fiscalite","11":"tag-fr","12":"tag-france","13":"tag-fraude-fiscale","14":"tag-ille-et-vilaine","15":"tag-justice","16":"tag-ousmane-dembele","17":"tag-rennes","18":"tag-sport","19":"tag-sports"},"share_on_mastodon":{"url":"https:\/\/pubeurope.com\/@fr\/115380679209108107","error":""},"_links":{"self":[{"href":"https:\/\/www.europesays.com\/fr\/wp-json\/wp\/v2\/posts\/466004","targetHints":{"allow":["GET"]}}],"collection":[{"href":"https:\/\/www.europesays.com\/fr\/wp-json\/wp\/v2\/posts"}],"about":[{"href":"https:\/\/www.europesays.com\/fr\/wp-json\/wp\/v2\/types\/post"}],"author":[{"embeddable":true,"href":"https:\/\/www.europesays.com\/fr\/wp-json\/wp\/v2\/users\/2"}],"replies":[{"embeddable":true,"href":"https:\/\/www.europesays.com\/fr\/wp-json\/wp\/v2\/comments?post=466004"}],"version-history":[{"count":0,"href":"https:\/\/www.europesays.com\/fr\/wp-json\/wp\/v2\/posts\/466004\/revisions"}],"wp:featuredmedia":[{"embeddable":true,"href":"https:\/\/www.europesays.com\/fr\/wp-json\/wp\/v2\/media\/466005"}],"wp:attachment":[{"href":"https:\/\/www.europesays.com\/fr\/wp-json\/wp\/v2\/media?parent=466004"}],"wp:term":[{"taxonomy":"category","embeddable":true,"href":"https:\/\/www.europesays.com\/fr\/wp-json\/wp\/v2\/categories?post=466004"},{"taxonomy":"post_tag","embeddable":true,"href":"https:\/\/www.europesays.com\/fr\/wp-json\/wp\/v2\/tags?post=466004"}],"curies":[{"name":"wp","href":"https:\/\/api.w.org\/{rel}","templated":true}]}}