{"id":466008,"date":"2025-10-15T23:04:20","date_gmt":"2025-10-15T23:04:20","guid":{"rendered":"https:\/\/www.europesays.com\/fr\/466008\/"},"modified":"2025-10-15T23:04:20","modified_gmt":"2025-10-15T23:04:20","slug":"surprise-apple-baisse-le-prix-de-tous-les-ipad","status":"publish","type":"post","link":"https:\/\/www.europesays.com\/fr\/466008\/","title":{"rendered":"Surprise\u00a0! Apple baisse le prix de tous les iPad"},"content":{"rendered":"<p>                    <b>Petite surprise accompagnant l&rsquo;annonce de l&rsquo;<a href=\"https:\/\/www.mac4ever.com\/ipad\/192457-voici-le-nouvel-ipad-pro-m5-wifi-7-puce-c1x-et-n1\" target=\"_blank\" rel=\"noopener\">iPad Pro M5<\/a> et le <a href=\"https:\/\/www.mac4ever.com\/mac\/192458-macbook-pro-m5-apple-muscle-son-portable-pro-mais-garde-ses-distances-avec-le-haut-de-gamme\" target=\"_blank\" rel=\"noopener\">MacBook Pro M5<\/a>, plusieurs mod\u00e8les d\u2019iPad affichent d\u00e9sormais des prix revus \u00e0 la baisse. Apple en a d\u00e9j\u00e0 fait de m\u00eame lors du lancement du dernier MacBook Air, une op\u00e9ration discr\u00e8te mais vraiment bienvenue.<\/b><\/p>\n<p>                                                                                                                                                        <img decoding=\"async\" src=\"https:\/\/www.europesays.com\/fr\/wp-content\/uploads\/2025\/10\/78993e0fac_surprise-apple-baisse-le-prix-de-tous-les-ipad.webp.webp\" alt=\"Surprise\u00a0! Apple baisse le prix de tous les iPad\" width=\"1200\" height=\"796\" loading=\"lazy\"\/>        <\/p>\n<p>Des baisses g\u00e9n\u00e9ralis\u00e9es sur la gamme iPad<\/p>\n<p>Les tablettes sont les premi\u00e8res \u00e0 b\u00e9n\u00e9ficier de cette mesure. <b>L\u2019iPad 11 voit son prix baisser de vingt euros sur toutes les configurations<\/b>, que ce soit en Wi-Fi ou en version cellulaire. Commen\u00e7ant d\u00e9sormais \u00e0 <b>389\u00a0\u20ac<\/b>, le mod\u00e8le d\u2019entr\u00e9e de gamme est un peu plus attractif pour ce d\u00e9but d&rsquo;ann\u00e9e scolaire \/ universitaire, pour un usage familial. Ou simplement \u00e0 l&rsquo;approche des f\u00eates de fin d&rsquo;ann\u00e9e.<\/p>\n<p>                                                                                                                                                        <img decoding=\"async\" src=\"https:\/\/www.europesays.com\/fr\/wp-content\/uploads\/2025\/10\/b8eeb60057_surprise-apple-baisse-le-prix-des-ipad-et-des-macbook-air.webp.webp\" alt=\"Surprise\u00a0! Apple baisse le prix de tous les iPad\" width=\"1200\" height=\"692\" loading=\"lazy\"\/>        <\/p>\n<p><b>M\u00eame son de cloche pour l\u2019iPad mini 7\u00a0qui d\u00e9marre \u00e0 559\u00a0\u20ac\u00a0! <\/b>Cette petite tablette toute mignonne (j&rsquo;avoue j&rsquo;aime beaucoup son c\u00f4t\u00e9 <a href=\"https:\/\/www.mac4ever.com\/ipad\/184872-test-de-l-ipad-mini-7-un-carnet-de-croquis-numerique-beaucoup-trop-cher\" target=\"_blank\" rel=\"noopener\">carnet de croquis num\u00e9rique<\/a> mais il est horriblement cher\u00a0!). On peut donc esp\u00e9rer le trouver encore moins cher pour No\u00ebl. <\/p>\n<p>                                                                                                                                                        <img decoding=\"async\" src=\"https:\/\/www.europesays.com\/fr\/wp-content\/uploads\/2025\/10\/672e60df8d_surprise-apple-baisse-le-prix-des-ipad-et-des-macbook-air.webp.webp\" alt=\"Surprise\u00a0! Apple baisse le prix de tous les iPad\" width=\"1200\" height=\"564\" loading=\"lazy\"\/>        <\/p>\n<p><b>Les iPad Air M3 affichent eux aussi un ajustement sensible. <\/b>Le mod\u00e8le 11 pouces d\u00e9bute d\u00e9sormais \u00e0 669\u00a0\u20ac, tandis que la version 13 pouces tombe \u00e0 869\u00a0\u20ac, soit jusqu\u2019\u00e0 100\u00a0\u20ac de moins selon la configuration. Enfin, notons que<b> les nouveaux iPad Pro M5 n&rsquo;ont pas vu leur prix gonfler<\/b>. Bien au contraire, la facture affiche 100\u00a0\u20ac en moins. <\/p>\n<p>                                                                                                                                                        <img decoding=\"async\" src=\"https:\/\/www.europesays.com\/fr\/wp-content\/uploads\/2025\/10\/9d064d3257_surprise-apple-baisse-le-prix-des-ipad-et-des-macbook-air.webp.webp\" alt=\"Surprise\u00a0! Apple baisse le prix de tous les iPad\" width=\"1200\" height=\"619\" loading=\"lazy\"\/>        <\/p>\n<p>ET chez les revendeurs\u00a0?<\/p>\n<p>Quoiqu&rsquo;il en soit, cela devrait bouger du c\u00f4t\u00e9 des revendeurs, qui vont r\u00e9percuter cette baisse sur leurs promotions en cours\u00a0! On vous tiendra \u00e9videmment au courant\u00a0!<\/p>\n<p>                                                                                                                                                        <img decoding=\"async\" src=\"https:\/\/www.europesays.com\/fr\/wp-content\/uploads\/2025\/10\/bb89199495_surprise-apple-baisse-le-prix-des-ipad-et-des-macbook-air.webp.webp\" alt=\"Surprise\u00a0! Apple baisse le prix de tous les iPad\" width=\"1200\" height=\"796\" loading=\"lazy\"\/>\n                    <\/p>\n","protected":false},"excerpt":{"rendered":"Petite surprise accompagnant l&rsquo;annonce de l&rsquo;iPad Pro M5 et le MacBook Pro M5, plusieurs mod\u00e8les d\u2019iPad affichent d\u00e9sormais&hellip;\n","protected":false},"author":2,"featured_media":466009,"comment_status":"","ping_status":"","sticky":false,"template":"","format":"standard","meta":{"footnotes":""},"categories":[7],"tags":[40003,1011,27,8214,43,40,41,39,42,44],"class_list":{"0":"post-466008","1":"post","2":"type-post","3":"status-publish","4":"format-standard","5":"has-post-thumbnail","7":"category-sciences-et-technologies","8":"tag-applestore","9":"tag-fr","10":"tag-france","11":"tag-ipad","12":"tag-science","13":"tag-science-and-technology","14":"tag-sciences","15":"tag-sciences-et-technologies","16":"tag-technologies","17":"tag-technology"},"share_on_mastodon":{"url":"https:\/\/pubeurope.com\/@fr\/115380687178854741","error":""},"_links":{"self":[{"href":"https:\/\/www.europesays.com\/fr\/wp-json\/wp\/v2\/posts\/466008","targetHints":{"allow":["GET"]}}],"collection":[{"href":"https:\/\/www.europesays.com\/fr\/wp-json\/wp\/v2\/posts"}],"about":[{"href":"https:\/\/www.europesays.com\/fr\/wp-json\/wp\/v2\/types\/post"}],"author":[{"embeddable":true,"href":"https:\/\/www.europesays.com\/fr\/wp-json\/wp\/v2\/users\/2"}],"replies":[{"embeddable":true,"href":"https:\/\/www.europesays.com\/fr\/wp-json\/wp\/v2\/comments?post=466008"}],"version-history":[{"count":0,"href":"https:\/\/www.europesays.com\/fr\/wp-json\/wp\/v2\/posts\/466008\/revisions"}],"wp:featuredmedia":[{"embeddable":true,"href":"https:\/\/www.europesays.com\/fr\/wp-json\/wp\/v2\/media\/466009"}],"wp:attachment":[{"href":"https:\/\/www.europesays.com\/fr\/wp-json\/wp\/v2\/media?parent=466008"}],"wp:term":[{"taxonomy":"category","embeddable":true,"href":"https:\/\/www.europesays.com\/fr\/wp-json\/wp\/v2\/categories?post=466008"},{"taxonomy":"post_tag","embeddable":true,"href":"https:\/\/www.europesays.com\/fr\/wp-json\/wp\/v2\/tags?post=466008"}],"curies":[{"name":"wp","href":"https:\/\/api.w.org\/{rel}","templated":true}]}}