{"id":46601,"date":"2025-04-23T12:55:12","date_gmt":"2025-04-23T12:55:12","guid":{"rendered":"https:\/\/www.europesays.com\/fr\/46601\/"},"modified":"2025-04-23T12:55:12","modified_gmt":"2025-04-23T12:55:12","slug":"apres-la-fusillade-la-police-pourra-survoler-certains-quartiers-avec-des-drones","status":"publish","type":"post","link":"https:\/\/www.europesays.com\/fr\/46601\/","title":{"rendered":"Apr\u00e8s la fusillade, la police pourra survoler certains quartiers avec des drones"},"content":{"rendered":"<p><strong>Vol au-dessus d\u2019un nid de coco &#8211; Le pr\u00e9fet a autoris\u00e9 la prise d\u2019images a\u00e9riennes de plusieurs points de deal afin d\u2019aider les enqu\u00eateurs<\/strong><\/p>\n<p>La requ\u00eate de la Ligue des droits de l&rsquo;homme n\u2019aura pas abouti. Saisi le 16\u00a0avril par l\u2019association apr\u00e8s l\u2019annonce de l\u2019autorisation du survol de plusieurs quartiers de <a href=\"https:\/\/www.20minutes.fr\/rennes\/?at_medium=RSS+feed&amp;at_campaign=ynews&amp;utm_source=yahoo&amp;utm_medium=rss&amp;utm_campaign=news_feed&amp;utm_content=in_article_link\" rel=\"nofollow noopener\" target=\"_blank\" data-ylk=\"slk:Rennes;elm:context_link;itc:0;sec:content-canvas\" class=\"link \">Rennes <\/a>par des drones, le tribunal administratif a donn\u00e9 raison au pr\u00e9fet. Dix jours plus t\u00f4t, Amaury de Saint-Quentin avait pris un arr\u00eat\u00e9 autorisant la captation d\u2019images a\u00e9riennes dans quatre quartiers de la capitale bretonne. L\u2019objectif \u00e9tait clair\u00a0: lutter contre le <a href=\"https:\/\/www.20minutes.fr\/dossier\/trafic_de_drogue?at_medium=RSS+feed&amp;at_campaign=ynews&amp;utm_source=yahoo&amp;utm_medium=rss&amp;utm_campaign=news_feed&amp;utm_content=in_article_link\" rel=\"nofollow noopener\" target=\"_blank\" data-ylk=\"slk:trafic de stup\u00e9fiants;elm:context_link;itc:0;sec:content-canvas\" class=\"link \">trafic de stup\u00e9fiants<\/a> en fournissant aux enqu\u00eateurs de la police un moyen de surveillance discret.<\/p>\n<p>La Ligue des droits de l&rsquo;homme ignorait alors qu\u2019un violent \u00e9pisode de r\u00e8glement de comptes allait secouer toute une ville. Le 17 avril, des tirs \u00e0 la kalachnikov<a href=\"https:\/\/www.20minutes.fr\/faits_divers\/faits-divers-rennes\/4149294-20250418-rennes-trois-individus-interpelles-apres-fusillade-kalachnikov?at_medium=RSS+feed&amp;at_campaign=ynews&amp;utm_source=yahoo&amp;utm_medium=rss&amp;utm_campaign=news_feed&amp;utm_content=in_article_link\" rel=\"nofollow noopener\" target=\"_blank\" data-ylk=\"slk:ont retenti dans un restaurant Subway;elm:context_link;itc:0;sec:content-canvas\" class=\"link \"> ont retenti dans un restaurant Subway <\/a>de la dalle Kennedy, dans le quartier Villejean. Trois hommes ont \u00e9t\u00e9 bless\u00e9s par ces tirs et un quatri\u00e8me a \u00e9t\u00e9 renvers\u00e9 par la voiture des tireurs. Quatre hommes soup\u00e7onn\u00e9s d\u2019avoir particip\u00e9 \u00e0 ce raid <a href=\"https:\/\/www.20minutes.fr\/faits_divers\/faits-divers-rennes\/4149699-20250422-rennes-determination-extreme-quatre-suspects-fusillade-prison?at_medium=RSS+feed&amp;at_campaign=ynews&amp;utm_source=yahoo&amp;utm_medium=rss&amp;utm_campaign=news_feed&amp;utm_content=in_article_link\" rel=\"nofollow noopener\" target=\"_blank\" data-ylk=\"slk:ont depuis \u00e9t\u00e9 mis en examen et \u00e9crou\u00e9s;elm:context_link;itc:0;sec:content-canvas\" class=\"link \">ont depuis \u00e9t\u00e9 mis en examen et \u00e9crou\u00e9s<\/a>.<\/p>\n<p>Avant m\u00eame ces tirs <a href=\"https:\/\/www.20minutes.fr\/faits_divers\/faits-divers-rennes\/4149321-20250418-rennes-jeunes-criaient-temoin-fusillade-subway-elu-raconte-violence-scene?at_medium=RSS+feed&amp;at_campaign=ynews&amp;utm_source=yahoo&amp;utm_medium=rss&amp;utm_campaign=news_feed&amp;utm_content=in_article_link\" rel=\"nofollow noopener\" target=\"_blank\" data-ylk=\"slk:qui ont r\u00e9sonn\u00e9 sous les yeux de plusieurs \u00e9lus;elm:context_link;itc:0;sec:content-canvas\" class=\"link \">qui ont r\u00e9sonn\u00e9 sous les yeux de plusieurs \u00e9lus<\/a>, la justice fran\u00e7aise avait donn\u00e9 raison au pr\u00e9fet. La police se doutait bien que quelque chose allait se produire\u00a0: le 14\u00a0avril, un groupe pilot\u00e9 depuis la r\u00e9gion parisienne avait \u00ab\u00a0perdu\u00a0\u00bb son point de deal de la dalle. \u00ab\u00a0Evinc\u00e9 par\u00a0le groupe des Villejeannais\u00a0\u00bb, avait expliqu\u00e9 le procureur de la R\u00e9publique, pr\u00e9cisant que \u00ab\u00a0plusieurs jours d\u2019assauts violents\u00a0\u00bb avaient \u00e9t\u00e9 n\u00e9cessaires pour d\u00e9loger les dealers ext\u00e9rieurs au quartier.<\/p>\n<p>PUBLICIT\u00c9<\/p>\n<p>Les ca(&#8230;)<\/p>\n<p><a href=\"https:\/\/www.20minutes.fr\/faits_divers\/faits-divers-rennes\/4149966-20250423-rennes-apres-fusillade-police-pourra-survoler-certains-quartiers-drones?at_medium=RSS+feed&amp;at_campaign=ynews&amp;utm_source=yahoo&amp;utm_medium=rss&amp;utm_campaign=news_feed&amp;utm_content=read_more_link&quot;\" rel=\"nofollow noopener\" target=\"_blank\" data-ylk=\"slk:Lire la suite sur 20minutes;elm:context_link;itc:0;sec:content-canvas\" class=\"link \">Lire la suite sur 20minutes<\/a><\/p>\n<p>\u00c0 lire aussi :<br \/><a href=\"https:\/\/www.20minutes.fr\/faits_divers\/faits-divers-rennes\/4149699-20250422-rennes-determination-extreme-quatre-suspects-fusillade-prison?at_medium=RSS+feed&amp;at_campaign=ynews&amp;utm_source=yahoo&amp;utm_medium=rss&amp;utm_campaign=news_feed&amp;utm_content=related_content_link\" rel=\"nofollow noopener\" target=\"_blank\" data-ylk=\"slk:Rennes\u00a0: \u00ab\u00a0Une d\u00e9termination extr\u00eame\u00a0\u00bb\u2026 Les quatre suspects de la fusillade sont en prison;elm:context_link;itc:0;sec:content-canvas\" class=\"link \">Rennes\u00a0: \u00ab\u00a0Une d\u00e9termination extr\u00eame\u00a0\u00bb\u2026 Les quatre suspects de la fusillade sont en prison<\/a><br \/><a href=\"https:\/\/www.20minutes.fr\/faits_divers\/faits-divers-rennes\/4149321-20250418-rennes-jeunes-criaient-temoin-fusillade-subway-elu-raconte-violence-scene?at_medium=RSS+feed&amp;at_campaign=ynews&amp;utm_source=yahoo&amp;utm_medium=rss&amp;utm_campaign=news_feed&amp;utm_content=related_content_link\" rel=\"nofollow noopener\" target=\"_blank\" data-ylk=\"slk:Rennes\u00a0: \u00ab\u00a0Les jeunes criaient\u00a0\u00bb\u2026 T\u00e9moin de la fusillade dans un Subway, un \u00e9lu raconte la violence de la sc\u00e8ne;elm:context_link;itc:0;sec:content-canvas\" class=\"link \">Rennes\u00a0: \u00ab\u00a0Les jeunes criaient\u00a0\u00bb\u2026 T\u00e9moin de la fusillade dans un Subway, un \u00e9lu raconte la violence de la sc\u00e8ne<\/a><\/p>\n","protected":false},"excerpt":{"rendered":"Vol au-dessus d\u2019un nid de coco &#8211; Le pr\u00e9fet a autoris\u00e9 la prise d\u2019images a\u00e9riennes de plusieurs points&hellip;\n","protected":false},"author":2,"featured_media":46602,"comment_status":"","ping_status":"","sticky":false,"template":"","format":"standard","meta":{"footnotes":""},"categories":[2821],"tags":[1111,11,13615,829,1777,674,1011,27,13614,12,3764,11681,584,25],"class_list":{"0":"post-46601","1":"post","2":"type-post","3":"status-publish","4":"format-standard","5":"has-post-thumbnail","7":"category-rennes","8":"tag-actu","9":"tag-actualites","10":"tag-amaury-de-saint-quentin","11":"tag-bretagne","12":"tag-eu","13":"tag-europe","14":"tag-fr","15":"tag-france","16":"tag-ligue-des-droits-de-lhomme","17":"tag-news","18":"tag-procureur-de-la-republique","19":"tag-reglement-de-comptes","20":"tag-rennes","21":"tag-republique-francaise"},"share_on_mastodon":{"url":"https:\/\/pubeurope.com\/@fr\/114387387924228636","error":""},"_links":{"self":[{"href":"https:\/\/www.europesays.com\/fr\/wp-json\/wp\/v2\/posts\/46601","targetHints":{"allow":["GET"]}}],"collection":[{"href":"https:\/\/www.europesays.com\/fr\/wp-json\/wp\/v2\/posts"}],"about":[{"href":"https:\/\/www.europesays.com\/fr\/wp-json\/wp\/v2\/types\/post"}],"author":[{"embeddable":true,"href":"https:\/\/www.europesays.com\/fr\/wp-json\/wp\/v2\/users\/2"}],"replies":[{"embeddable":true,"href":"https:\/\/www.europesays.com\/fr\/wp-json\/wp\/v2\/comments?post=46601"}],"version-history":[{"count":0,"href":"https:\/\/www.europesays.com\/fr\/wp-json\/wp\/v2\/posts\/46601\/revisions"}],"wp:featuredmedia":[{"embeddable":true,"href":"https:\/\/www.europesays.com\/fr\/wp-json\/wp\/v2\/media\/46602"}],"wp:attachment":[{"href":"https:\/\/www.europesays.com\/fr\/wp-json\/wp\/v2\/media?parent=46601"}],"wp:term":[{"taxonomy":"category","embeddable":true,"href":"https:\/\/www.europesays.com\/fr\/wp-json\/wp\/v2\/categories?post=46601"},{"taxonomy":"post_tag","embeddable":true,"href":"https:\/\/www.europesays.com\/fr\/wp-json\/wp\/v2\/tags?post=46601"}],"curies":[{"name":"wp","href":"https:\/\/api.w.org\/{rel}","templated":true}]}}