{"id":466020,"date":"2025-10-15T23:11:34","date_gmt":"2025-10-15T23:11:34","guid":{"rendered":"https:\/\/www.europesays.com\/fr\/466020\/"},"modified":"2025-10-15T23:11:34","modified_gmt":"2025-10-15T23:11:34","slug":"meurthe-et-moselle-en-automne-les-fermes-ouvrent-leurs-portes","status":"publish","type":"post","link":"https:\/\/www.europesays.com\/fr\/466020\/","title":{"rendered":"Meurthe-et-Moselle. En automne, les fermes ouvrent leurs portes"},"content":{"rendered":"<p>L\u2019automne est l\u00e0\u00a0: c\u2019est l\u2019occasion pour 13 producteurs du r\u00e9seau Bienvenue \u00e0 la ferme  d\u2019accueillir le public jusqu\u2019au 30\u00a0novembre. L\u2019opportunit\u00e9 de d\u00e9couvrir la vie \u00e0 la ferme. R\u00e9servez votre visite et plongez dans l\u2019univers fascinant de l\u2019agriculture et de la nature.<\/p>\n<p>Les 13 fermes \u00e0 d\u00e9couvrir dans tout le d\u00e9partement\u00a0:<\/p>\n<p>\u2022 La Ferme Rev\u00e9mont \u00e0 Villers-la-Montagne<\/p>\n<p>\u2022 La Ferme P\u00e9dagogique du Breuillot \u00e0 Jarny<\/p>\n<p>\u2022 La Ferme Saint-Amand \u00e0 Saizerais<\/p>\n<p>\u2022 La Ferme des Verts P\u00e2turages \u00e0 \u00c9ply<\/p>\n<p>\u2022 Le Centre \u00c9questre les P\u2019tits Loups \u00e0 Cr\u00e9zilles<\/p>\n<p>\u2022 Le GAEC de l\u2019Altiplano \u00e0 Courcelles<\/p>\n<p>\u2022 La Ferme de Sandrine Antoine \u00e0 Forcelles-saint-<\/p>\n<p>Gorgon<\/p>\n<p>\u2022 La Maison de la Mirabelle \u00e0 Rozelieures<\/p>\n<p>\u2022 Les Serres Duval \u00e0 Ceintrey<\/p>\n<p>\u2022 Le M\u00e9nil Saint-Michel \u00e0 Flavigny-sur-Moselle<\/p>\n<p>\u2022 La Ferme de l\u2019Aquarelle \u00e0 Barbas &#8211; nouvelle arriv\u00e9e\u00a0!<\/p>\n<p>\u2022 L\u2019\u00c9curie du Vermois \u00e0 Burthecourt-aux-Ch\u00eanes<\/p>\n<p>\u2022 La Ferme P\u00e9dagogique Sainte-Catherine \u00e0 Velle-sur-<\/p>\n<p>Moselle<\/p>\n<p class=\"note\">Afin de garantir les meilleures conditions d\u2019accueil et de permettre \u00e0 chaque famille de profiter de cette exp\u00e9rience, chaque visite doit \u00eatre r\u00e9serv\u00e9e assez t\u00f4t directement aupr\u00e8s des fermes.<\/p>\n","protected":false},"excerpt":{"rendered":"L\u2019automne est l\u00e0\u00a0: c\u2019est l\u2019occasion pour 13 producteurs du r\u00e9seau Bienvenue \u00e0 la ferme d\u2019accueillir le public jusqu\u2019au&hellip;\n","protected":false},"author":2,"featured_media":466021,"comment_status":"","ping_status":"","sticky":false,"template":"","format":"standard","meta":{"footnotes":""},"categories":[9635],"tags":[1111,11,1687,1704,1777,674,1011,27,775,1702,1703,12,25],"class_list":{"0":"post-466020","1":"post","2":"type-post","3":"status-publish","4":"format-standard","5":"has-post-thumbnail","7":"category-nancy","8":"tag-actu","9":"tag-actualites","10":"tag-culture-loisirs","11":"tag-edition-nancy-et-agglomeration","12":"tag-eu","13":"tag-europe","14":"tag-fr","15":"tag-france","16":"tag-grand-est","17":"tag-nancy","18":"tag-nancy-ville-54b","19":"tag-news","20":"tag-republique-francaise"},"share_on_mastodon":{"url":"https:\/\/pubeurope.com\/@fr\/115380714369333801","error":""},"_links":{"self":[{"href":"https:\/\/www.europesays.com\/fr\/wp-json\/wp\/v2\/posts\/466020","targetHints":{"allow":["GET"]}}],"collection":[{"href":"https:\/\/www.europesays.com\/fr\/wp-json\/wp\/v2\/posts"}],"about":[{"href":"https:\/\/www.europesays.com\/fr\/wp-json\/wp\/v2\/types\/post"}],"author":[{"embeddable":true,"href":"https:\/\/www.europesays.com\/fr\/wp-json\/wp\/v2\/users\/2"}],"replies":[{"embeddable":true,"href":"https:\/\/www.europesays.com\/fr\/wp-json\/wp\/v2\/comments?post=466020"}],"version-history":[{"count":0,"href":"https:\/\/www.europesays.com\/fr\/wp-json\/wp\/v2\/posts\/466020\/revisions"}],"wp:featuredmedia":[{"embeddable":true,"href":"https:\/\/www.europesays.com\/fr\/wp-json\/wp\/v2\/media\/466021"}],"wp:attachment":[{"href":"https:\/\/www.europesays.com\/fr\/wp-json\/wp\/v2\/media?parent=466020"}],"wp:term":[{"taxonomy":"category","embeddable":true,"href":"https:\/\/www.europesays.com\/fr\/wp-json\/wp\/v2\/categories?post=466020"},{"taxonomy":"post_tag","embeddable":true,"href":"https:\/\/www.europesays.com\/fr\/wp-json\/wp\/v2\/tags?post=466020"}],"curies":[{"name":"wp","href":"https:\/\/api.w.org\/{rel}","templated":true}]}}