{"id":466022,"date":"2025-10-15T23:13:13","date_gmt":"2025-10-15T23:13:13","guid":{"rendered":"https:\/\/www.europesays.com\/fr\/466022\/"},"modified":"2025-10-15T23:13:13","modified_gmt":"2025-10-15T23:13:13","slug":"dommartemont-une-soiree-jeux-de-societe-pour-creer-du-lien-au-college","status":"publish","type":"post","link":"https:\/\/www.europesays.com\/fr\/466022\/","title":{"rendered":"Dommartemont. Une soir\u00e9e jeux de soci\u00e9t\u00e9 pour cr\u00e9er du lien au coll\u00e8ge"},"content":{"rendered":"<p>Vendredi 3\u00a0octobre, apr\u00e8s les cours, \u00e9l\u00e8ves, personnels et parents se sont retrouv\u00e9s au coll\u00e8ge Nickl\u00e8s pour une soir\u00e9e de jeux de soci\u00e9t\u00e9. Organis\u00e9e par le Foyer socio-\u00e9ducatif (FSE), cette initiative visait \u00e0 renforcer les liens entre les \u00e9l\u00e8ves, leurs familles et les personnels. L\u2019association Un max de jeux avait pr\u00eat\u00e9 de nombreux jeux, permettant \u00e0 chacun de participer selon ses envies. La soir\u00e9e a r\u00e9uni pr\u00e8s d\u2019une centaine de personnes. Selon Mme \u00a0Battistelli, CPE et pr\u00e9sidente du FSE, elle a illustr\u00e9 \u00ab\u00a0la belle coh\u00e9sion entre tous les acteurs du coll\u00e8ge\u00a0\u00bb.<\/p>\n","protected":false},"excerpt":{"rendered":"Vendredi 3\u00a0octobre, apr\u00e8s les cours, \u00e9l\u00e8ves, personnels et parents se sont retrouv\u00e9s au coll\u00e8ge Nickl\u00e8s pour une soir\u00e9e&hellip;\n","protected":false},"author":2,"featured_media":466023,"comment_status":"","ping_status":"","sticky":false,"template":"","format":"standard","meta":{"footnotes":""},"categories":[9635],"tags":[1111,11,3599,31898,1704,1057,1777,674,1011,27,775,11362,1702,12,25],"class_list":{"0":"post-466022","1":"post","2":"type-post","3":"status-publish","4":"format-standard","5":"has-post-thumbnail","7":"category-nancy","8":"tag-actu","9":"tag-actualites","10":"tag-college-lycee","11":"tag-dommartemont","12":"tag-edition-nancy-et-agglomeration","13":"tag-education","14":"tag-eu","15":"tag-europe","16":"tag-fr","17":"tag-france","18":"tag-grand-est","19":"tag-metropole-du-grand-nancy-54b3","20":"tag-nancy","21":"tag-news","22":"tag-republique-francaise"},"share_on_mastodon":{"url":"https:\/\/pubeurope.com\/@fr\/115380722362383877","error":""},"_links":{"self":[{"href":"https:\/\/www.europesays.com\/fr\/wp-json\/wp\/v2\/posts\/466022","targetHints":{"allow":["GET"]}}],"collection":[{"href":"https:\/\/www.europesays.com\/fr\/wp-json\/wp\/v2\/posts"}],"about":[{"href":"https:\/\/www.europesays.com\/fr\/wp-json\/wp\/v2\/types\/post"}],"author":[{"embeddable":true,"href":"https:\/\/www.europesays.com\/fr\/wp-json\/wp\/v2\/users\/2"}],"replies":[{"embeddable":true,"href":"https:\/\/www.europesays.com\/fr\/wp-json\/wp\/v2\/comments?post=466022"}],"version-history":[{"count":0,"href":"https:\/\/www.europesays.com\/fr\/wp-json\/wp\/v2\/posts\/466022\/revisions"}],"wp:featuredmedia":[{"embeddable":true,"href":"https:\/\/www.europesays.com\/fr\/wp-json\/wp\/v2\/media\/466023"}],"wp:attachment":[{"href":"https:\/\/www.europesays.com\/fr\/wp-json\/wp\/v2\/media?parent=466022"}],"wp:term":[{"taxonomy":"category","embeddable":true,"href":"https:\/\/www.europesays.com\/fr\/wp-json\/wp\/v2\/categories?post=466022"},{"taxonomy":"post_tag","embeddable":true,"href":"https:\/\/www.europesays.com\/fr\/wp-json\/wp\/v2\/tags?post=466022"}],"curies":[{"name":"wp","href":"https:\/\/api.w.org\/{rel}","templated":true}]}}