{"id":466024,"date":"2025-10-15T23:14:11","date_gmt":"2025-10-15T23:14:11","guid":{"rendered":"https:\/\/www.europesays.com\/fr\/466024\/"},"modified":"2025-10-15T23:14:11","modified_gmt":"2025-10-15T23:14:11","slug":"une-enquete-ouverte-apres-la-revelation-du-nom-du-village-de-lelue-rn-laure-lavalette-par-var-matin","status":"publish","type":"post","link":"https:\/\/www.europesays.com\/fr\/466024\/","title":{"rendered":"Une enqu\u00eate ouverte apr\u00e8s la r\u00e9v\u00e9lation du nom du village de l\u2019\u00e9lue RN Laure Lavalette par Var-Matin"},"content":{"rendered":"<p>\n    L\u2019\u00e9lue a d\u00e9pos\u00e9 plainte contre le journal apr\u00e8s la publication d\u2019un article mentionnant le nom de sa commune de r\u00e9sidence. Sollicit\u00e9e par la d\u00e9put\u00e9e, la pr\u00e9fecture du Var est m\u00eame intervenue aupr\u00e8s du quotidien.<\/p>\n<p class=\"fig-paragraph\">Le parquet de Toulon a ouvert une enqu\u00eate pr\u00e9liminaire apr\u00e8s la r\u00e9v\u00e9lation par Var-Matin du nom de la commune de r\u00e9sidence de\u00a0<a href=\"http:\/\/www.lefigaro.fr\/politique\/elle-a-gagne-la-confiance-de-marine-le-pen-et-pourrait-arracher-la-mairie-de-toulon-l-incontournable-laure-lavalette-20250413\" data-fig-type=\"Article\" data-gtm-custom-categorie=\"navigation\" data-gtm-custom-action=\"crossclick\" data-gtm-custom-label=\"Contextuel\" data-gtm-event=\"customEventSPE\" data-fig-domain=\"LEFIGARO\" target=\"_blank\" rel=\"noopener\">Laure Lavalette<\/a>, une information qui menace sa s\u00e9curit\u00e9 selon la d\u00e9put\u00e9e RN qui a port\u00e9 plainte.<\/p>\n<p class=\"fig-paragraph\">La d\u00e9put\u00e9e porte plainte pour diffusion d&rsquo;informations relatives \u00e0 la vie priv\u00e9e, permettant de la localiser aux fins de l&rsquo;exposer ainsi que sa famille \u00e0 un risque direct, et une enqu\u00eate pr\u00e9liminaire est ouverte \u00abafin de d\u00e9terminer si les \u00e9l\u00e9ments constitutifs de l&rsquo;infraction sont caract\u00e9ris\u00e9s et, le cas \u00e9ch\u00e9ant, en identifier les auteurs\u00bb, indique \u00e0 l&rsquo;AFP le procureur de la R\u00e9publique de Toulon, Rapha\u00ebl Balland. L&rsquo;information a initialement \u00e9t\u00e9 r\u00e9v\u00e9l\u00e9e par\u00a0<a href=\"https:\/\/www.mediapart.fr\/journal\/politique\/141025\/dans-le-var-la-deputee-rn-laure-lavalette-part-l-offensive-contre-la-presse-locale\" target=\"_blank\" rel=\"sponsored noopener\" data-gtm-custom-categorie=\"navigation\" data-gtm-custom-action=\"crossclick\" data-gtm-custom-label=\"Contextuel\" data-gtm-event=\"customEventSPE\">Mediapart<\/a> \u00a0et\u00a0<a href=\"https:\/\/www.lecanardenchaine.fr\/politique\/52119-le-prefet-du-var-renvoie-l-ascenseur-au-rn\" target=\"_blank\" rel=\"sponsored noopener\" data-gtm-custom-categorie=\"navigation\" data-gtm-custom-action=\"crossclick\" data-gtm-custom-label=\"Contextuel\" data-gtm-event=\"customEventSPE\">Le Canard Encha\u00een\u00e9<\/a> .<\/p>\n<p>                                    <a class=\"fig-a11y-skip a11y-hidden\" href=\"#fig-a11y-skip-main-inarticle\"><br \/>\n        Passer la publicit\u00e9<br \/>\n    <\/a><\/p>\n<p class=\"fig-paragraph\">Dans\u00a0<a href=\"https:\/\/www.nicematin.com\/societe\/politique\/laure-lavalette-michel-bonnus-jean-pierre-colin-ces-candidats-qui-n-habitent-pas-dans-la-ville-convoitee-10650492\" target=\"_blank\" rel=\"sponsored noopener\" data-gtm-custom-categorie=\"navigation\" data-gtm-custom-action=\"crossclick\" data-gtm-custom-label=\"Contextuel\" data-gtm-event=\"customEventSPE\">un article du 3 octobre<\/a>, Var-Matin indique que le s\u00e9nateur LR Michel Bonnus, candidat d\u00e9clar\u00e9 pour les municipales \u00e0 Toulon et Laure Lavalette, candidate pressentie, \u00abn&rsquo;habitent pas dans la ville convoit\u00e9e\u00bb. Or la d\u00e9put\u00e9e avait express\u00e9ment indiqu\u00e9 \u00e0 la direction du journal \u00abqu&rsquo;elle ne souhaitait pas qu&rsquo;on \u00e9crive o\u00f9 elle habitait\u00bb, selon son entourage, interrog\u00e9 par l&rsquo;AFP.<\/p>\n<p>Intervention de la pr\u00e9fecture du Var<\/p>\n<p class=\"fig-paragraph\">\u00abDepuis deux ans, Laure Lavalette re\u00e7oit des menaces de mort, de violences, de viol. D\u00e9but 2025, \u00e0 la suite d&rsquo;une \u00e9ni\u00e8me intrusion dans son impasse, elle a d\u00e9cid\u00e9 avec son mari de quitter l&rsquo;aire urbaine de Toulon pour d\u00e9m\u00e9nager dans un village au-dessus\u00bb, ajoute cette source.<\/p>\n<p class=\"fig-paragraph\">Peu apr\u00e8s la publication, le nom de la commune est finalement retir\u00e9. Selon un \u00e9change de SMS consult\u00e9 par l&rsquo;AFP, le directeur des r\u00e9dactions de Nice-Matin Denis Carreaux &#8211;\u00a0<a href=\"http:\/\/www.lefigaro.fr\/medias\/le-groupe-nice-matin-perd-son-directeur-des-redactions-20251009\" data-fig-type=\"NewsFlash\" data-gtm-custom-categorie=\"navigation\" data-gtm-custom-action=\"crossclick\" data-gtm-custom-label=\"Contextuel\" data-gtm-event=\"customEventSPE\" data-fig-domain=\"LEFIGARO\" target=\"_blank\" rel=\"noopener\">qui va quitter le groupe mais sans lien avec cette affaire<\/a>\u00a0-, lui pr\u00e9cise qu&rsquo;il a fait op\u00e9rer cette correction, s&rsquo;excusant que la consigne n&rsquo;ait pas \u00e9t\u00e9 respect\u00e9e. \u00abVous venez de coller une cible sur la t\u00eate de mes enfants\u00bb, estime la d\u00e9put\u00e9e dans cet \u00e9change.<\/p>\n<p class=\"fig-paragraph\">Le pr\u00e9fet du Var Simon Babre, \u00e9galement sollicit\u00e9 par Laure Lavalette, est intervenu aupr\u00e8s du journal pour insister \u00absur la n\u00e9cessit\u00e9 de ne pas divulguer d&rsquo;information \u00e0 caract\u00e8re personnel concernant la domiciliation des \u00e9lus, ou d&rsquo;informations trop pr\u00e9cises permettant de les localiser, a fortiori lorsque ces informations concernent des \u00e9lus ayant d\u00e9j\u00e0 fait l&rsquo;objet de menaces\u00bb, indique-t-il \u00e0 l&rsquo;AFP.<\/p>\n<p class=\"fig-paragraph\">Le syndicat national des journalistes (SNJ) estime de son c\u00f4t\u00e9 qu&rsquo;il s&rsquo;agit d&rsquo;une nouvelle \u00abtentative d&rsquo;intimidation de l&rsquo;extr\u00eame droite contre nos titres, dans un contexte tendu des municipales\u00bb citant des exemples pass\u00e9s comme le \u00abboycott par Laure Lavalette d&rsquo;un plateau en raison de la pr\u00e9sence d&rsquo;un confr\u00e8re qui d\u00e9pla\u00eet\u00bb. En mai, la d\u00e9put\u00e9e avait qualifi\u00e9 le journal de \u00abVar Mytho\u00bb dans un tweet \u00e0 l&rsquo;occasion de la publication d&rsquo;un sondage, parlant d&rsquo;une \u00abhaine\u00bb \u00e0 son \u00e9gard. Mais selon son entourage, les griefs de la d\u00e9put\u00e9e sont li\u00e9s \u00e0 un seul journaliste du quotidien.<\/p>\n","protected":false},"excerpt":{"rendered":"L\u2019\u00e9lue a d\u00e9pos\u00e9 plainte contre le journal apr\u00e8s la publication d\u2019un article mentionnant le nom de sa commune&hellip;\n","protected":false},"author":2,"featured_media":466025,"comment_status":"","ping_status":"","sticky":false,"template":"","format":"standard","meta":{"footnotes":""},"categories":[9619],"tags":[1111,11,1777,674,1011,27,12,882,1078,25,2310],"class_list":{"0":"post-466024","1":"post","2":"type-post","3":"status-publish","4":"format-standard","5":"has-post-thumbnail","7":"category-toulon","8":"tag-actu","9":"tag-actualites","10":"tag-eu","11":"tag-europe","12":"tag-fr","13":"tag-france","14":"tag-news","15":"tag-provence-alpes-cote-dazur","16":"tag-rassemblement-national","17":"tag-republique-francaise","18":"tag-toulon"},"share_on_mastodon":{"url":"https:\/\/pubeurope.com\/@fr\/115380726233435206","error":""},"_links":{"self":[{"href":"https:\/\/www.europesays.com\/fr\/wp-json\/wp\/v2\/posts\/466024","targetHints":{"allow":["GET"]}}],"collection":[{"href":"https:\/\/www.europesays.com\/fr\/wp-json\/wp\/v2\/posts"}],"about":[{"href":"https:\/\/www.europesays.com\/fr\/wp-json\/wp\/v2\/types\/post"}],"author":[{"embeddable":true,"href":"https:\/\/www.europesays.com\/fr\/wp-json\/wp\/v2\/users\/2"}],"replies":[{"embeddable":true,"href":"https:\/\/www.europesays.com\/fr\/wp-json\/wp\/v2\/comments?post=466024"}],"version-history":[{"count":0,"href":"https:\/\/www.europesays.com\/fr\/wp-json\/wp\/v2\/posts\/466024\/revisions"}],"wp:featuredmedia":[{"embeddable":true,"href":"https:\/\/www.europesays.com\/fr\/wp-json\/wp\/v2\/media\/466025"}],"wp:attachment":[{"href":"https:\/\/www.europesays.com\/fr\/wp-json\/wp\/v2\/media?parent=466024"}],"wp:term":[{"taxonomy":"category","embeddable":true,"href":"https:\/\/www.europesays.com\/fr\/wp-json\/wp\/v2\/categories?post=466024"},{"taxonomy":"post_tag","embeddable":true,"href":"https:\/\/www.europesays.com\/fr\/wp-json\/wp\/v2\/tags?post=466024"}],"curies":[{"name":"wp","href":"https:\/\/api.w.org\/{rel}","templated":true}]}}