{"id":46603,"date":"2025-04-23T12:56:22","date_gmt":"2025-04-23T12:56:22","guid":{"rendered":"https:\/\/www.europesays.com\/fr\/46603\/"},"modified":"2025-04-23T12:56:22","modified_gmt":"2025-04-23T12:56:22","slug":"alsace-les-editions-acces-30-ans-dinnovation-de-schiltigheim-a-la-foire-du-livre-jeunesse-de-bologne-2","status":"publish","type":"post","link":"https:\/\/www.europesays.com\/fr\/46603\/","title":{"rendered":"Alsace. Les \u00e9ditions Acc\u00e8s, 30 ans d&rsquo;innovation de Schiltigheim \u00e0 la Foire du livre jeunesse de Bologne"},"content":{"rendered":"<p>On a peine \u00e0 croire qu\u2019une aventure d\u00e9marr\u00e9e dans la cour de l\u2019\u00e9cole Mermoz \u00e0 Schiltigheim \u2013 la rencontre de trois instituteurs f\u00e9rus de p\u00e9dagogie et peu satisfaits par l\u2019offre d\u2019outils \u00e9ditoriaux existante \u2013 soit devenue, trente ans plus tard, l\u2019une des maisons d\u2019\u00e9dition d\u2019ouvrages et de mat\u00e9riels pour enseignants et \u00e9l\u00e8ves les plus importantes en France. Et toujours farouchement ind\u00e9pendante, malgr\u00e9 les appels du pied de grands groupes, all\u00e9ch\u00e9s par la r\u00e9ussite du Petit Poucet alsacien devenu acteur majeur.<\/p>\n<p>Un appartement en guise de bureau<\/p>\n<p>C\u2019est donc en 1995 que G\u00e9rard Brasseur, \u00c9lisabeth et Jean-Bernard Schneider fondent une premi\u00e8re structure associative pour cr\u00e9er des supports concrets utilisables par leurs coll\u00e8gues. Leurs premiers ouvrages, des fiches facilement duplicables, ont \u00e9videmment aujourd\u2019hui un aspect d\u00e9licieusement vintage , mais donnent une id\u00e9e du chemin parcouru. Les trois comp\u00e8res ne connaissent alors rien du monde de l\u2019\u00e9dition ou du milieu de l\u2019entreprise. Ils se&#8230;<\/p>\n","protected":false},"excerpt":{"rendered":"On a peine \u00e0 croire qu\u2019une aventure d\u00e9marr\u00e9e dans la cour de l\u2019\u00e9cole Mermoz \u00e0 Schiltigheim \u2013 la&hellip;\n","protected":false},"author":2,"featured_media":45718,"comment_status":"","ping_status":"","sticky":false,"template":"","format":"standard","meta":{"footnotes":""},"categories":[2820],"tags":[1111,11,2389,1687,1777,674,107,1011,27,775,2410,12,25,640],"class_list":{"0":"post-46603","1":"post","2":"type-post","3":"status-publish","4":"format-standard","5":"has-post-thumbnail","7":"category-strasbourg","8":"tag-actu","9":"tag-actualites","10":"tag-alsace","11":"tag-culture-loisirs","12":"tag-eu","13":"tag-europe","14":"tag-fil-info","15":"tag-fr","16":"tag-france","17":"tag-grand-est","18":"tag-livres-bd","19":"tag-news","20":"tag-republique-francaise","21":"tag-strasbourg"},"share_on_mastodon":{"url":"https:\/\/pubeurope.com\/@fr\/114387391933501824","error":""},"_links":{"self":[{"href":"https:\/\/www.europesays.com\/fr\/wp-json\/wp\/v2\/posts\/46603","targetHints":{"allow":["GET"]}}],"collection":[{"href":"https:\/\/www.europesays.com\/fr\/wp-json\/wp\/v2\/posts"}],"about":[{"href":"https:\/\/www.europesays.com\/fr\/wp-json\/wp\/v2\/types\/post"}],"author":[{"embeddable":true,"href":"https:\/\/www.europesays.com\/fr\/wp-json\/wp\/v2\/users\/2"}],"replies":[{"embeddable":true,"href":"https:\/\/www.europesays.com\/fr\/wp-json\/wp\/v2\/comments?post=46603"}],"version-history":[{"count":0,"href":"https:\/\/www.europesays.com\/fr\/wp-json\/wp\/v2\/posts\/46603\/revisions"}],"wp:featuredmedia":[{"embeddable":true,"href":"https:\/\/www.europesays.com\/fr\/wp-json\/wp\/v2\/media\/45718"}],"wp:attachment":[{"href":"https:\/\/www.europesays.com\/fr\/wp-json\/wp\/v2\/media?parent=46603"}],"wp:term":[{"taxonomy":"category","embeddable":true,"href":"https:\/\/www.europesays.com\/fr\/wp-json\/wp\/v2\/categories?post=46603"},{"taxonomy":"post_tag","embeddable":true,"href":"https:\/\/www.europesays.com\/fr\/wp-json\/wp\/v2\/tags?post=46603"}],"curies":[{"name":"wp","href":"https:\/\/api.w.org\/{rel}","templated":true}]}}