{"id":466034,"date":"2025-10-15T23:19:17","date_gmt":"2025-10-15T23:19:17","guid":{"rendered":"https:\/\/www.europesays.com\/fr\/466034\/"},"modified":"2025-10-15T23:19:17","modified_gmt":"2025-10-15T23:19:17","slug":"ceva-logistics-quitte-le-port-de-rouen","status":"publish","type":"post","link":"https:\/\/www.europesays.com\/fr\/466034\/","title":{"rendered":"Ceva Logistics quitte le port de Rouen"},"content":{"rendered":"<p>\tLe groupe Ceva Logistics annonce son d\u00e9part du port de Rouen. Il concentre ses activit\u00e9s sur le site du Havre.<\/p>\n<p>La zone logistique du <a href=\"https:\/\/www.haropaport.com\/fr\" target=\"_blank\" rel=\"noopener\">GPM de Rouen<\/a>, la Rouen Vall\u00e9e de la Seine Logistique (RVSL) perd un des principaux op\u00e9rateurs. En effet, <a href=\"https:\/\/www.cevalogistics.com\/fr\" target=\"_blank\" rel=\"noopener\">Ceva Logistics<\/a> annonce son d\u00e9part du site de Rouen.<\/p>\n<p>Des entrep\u00f4ts \u00e0 Rouen<\/p>\n<p>Le logisticien est une filiale du groupe <a href=\"https:\/\/portsetcorridors.com\/2025\/rodolphe-saade-la-ligne-antilles-nescalera-plus-a-nantes-saint-nazaire\/\" target=\"_blank\" rel=\"noopener\">CMA CGM<\/a>. Sur le site de Rouen, il dispose d\u2019entrep\u00f4ts qu\u2019il a acquis lors de la reprise des activit\u00e9s de Bollor\u00e9 Logistics. Cette plate-forme est sp\u00e9cialis\u00e9e dans les <a href=\"https:\/\/portsetcorridors.com\/2025\/agpaoc-reinventer-la-gestion-domaniale-des-ports-dafrique-de-louest-et-du-centre\/\" target=\"_blank\" rel=\"noopener\">flux avec l\u2019Afrique de l\u2019Ouest<\/a>. Pour la soci\u00e9t\u00e9 <strong>logistique<\/strong>, ce d\u00e9m\u00e9nagement en aval de la Seine se justifie dans le contexte actuel.<\/p>\n<p>Offrir des solutions logistiques plus performantes<\/p>\n<p>Ainsi, un porte-parole nous indique\u00a0: \u00ab\u00a0nous avons \u00e0 c\u0153ur d\u2019offrir \u00e0 nos clients des solutions <strong>logistiques<\/strong> toujours plus performantes, tout en veillant \u00e0 l\u2019efficacit\u00e9 de nos op\u00e9rations et \u00e0 l\u2019\u00e9panouissement de nos \u00e9quipes. Dans un environnement en constante \u00e9volution, nous adaptons r\u00e9guli\u00e8rement notre organisation pour r\u00e9pondre aux exigences du march\u00e9 et soutenir notre croissance durable.\u00a0\u00bb<\/p>\n<p>Trente collaborateurs concern\u00e9s<\/p>\n<p>Et pour les responsables de <a href=\"https:\/\/portsetcorridors.com\/2025\/decarbonation-ceva-logistics-lance-un-service-de-groupage-sur-la-cote-divoire\/\" target=\"_blank\" rel=\"noopener\">Ceva Logistics<\/a>, ce d\u00e9m\u00e9nagement se r\u00e9alisera au 1er janvier 2026. \u00ab Ce choix vise \u00e0 renforcer notre efficacit\u00e9 op\u00e9rationnelle et \u00e0 mutualiser nos ressources dans une logique d\u2019optimisation. \u00bb D\u2019une point de vue social, ce transfert de site impacte 30 collaborateurs. La soci\u00e9t\u00e9 assure chercher des solutions par un reclassement interne. \u00ab Nous mettons tout en \u0153uvre pour les soutenir dans l\u2019identification de nouvelles opportunit\u00e9s professionnelles, en coh\u00e9rence avec leurs aspirations et comp\u00e9tences. \u00bb Ceva Logistics se mobilise pour une transition \u00ab fluide, dans le respect de nos engagements sociaux et de notre culture d\u2019entreprise \u00bb.<\/p>\n","protected":false},"excerpt":{"rendered":"Le groupe Ceva Logistics annonce son d\u00e9part du port de Rouen. Il concentre ses activit\u00e9s sur le site&hellip;\n","protected":false},"author":2,"featured_media":466035,"comment_status":"","ping_status":"","sticky":false,"template":"","format":"standard","meta":{"footnotes":""},"categories":[9587],"tags":[1111,11,58980,1777,674,1011,27,7029,12,5161,58981,25,9590],"class_list":{"0":"post-466034","1":"post","2":"type-post","3":"status-publish","4":"format-standard","5":"has-post-thumbnail","7":"category-rouen","8":"tag-actu","9":"tag-actualites","10":"tag-ceva-logistics","11":"tag-eu","12":"tag-europe","13":"tag-fr","14":"tag-france","15":"tag-haropa-port","16":"tag-news","17":"tag-normandie","18":"tag-port-rouen","19":"tag-republique-francaise","20":"tag-rouen"},"share_on_mastodon":{"url":"https:\/\/pubeurope.com\/@fr\/115380745907061785","error":""},"_links":{"self":[{"href":"https:\/\/www.europesays.com\/fr\/wp-json\/wp\/v2\/posts\/466034","targetHints":{"allow":["GET"]}}],"collection":[{"href":"https:\/\/www.europesays.com\/fr\/wp-json\/wp\/v2\/posts"}],"about":[{"href":"https:\/\/www.europesays.com\/fr\/wp-json\/wp\/v2\/types\/post"}],"author":[{"embeddable":true,"href":"https:\/\/www.europesays.com\/fr\/wp-json\/wp\/v2\/users\/2"}],"replies":[{"embeddable":true,"href":"https:\/\/www.europesays.com\/fr\/wp-json\/wp\/v2\/comments?post=466034"}],"version-history":[{"count":0,"href":"https:\/\/www.europesays.com\/fr\/wp-json\/wp\/v2\/posts\/466034\/revisions"}],"wp:featuredmedia":[{"embeddable":true,"href":"https:\/\/www.europesays.com\/fr\/wp-json\/wp\/v2\/media\/466035"}],"wp:attachment":[{"href":"https:\/\/www.europesays.com\/fr\/wp-json\/wp\/v2\/media?parent=466034"}],"wp:term":[{"taxonomy":"category","embeddable":true,"href":"https:\/\/www.europesays.com\/fr\/wp-json\/wp\/v2\/categories?post=466034"},{"taxonomy":"post_tag","embeddable":true,"href":"https:\/\/www.europesays.com\/fr\/wp-json\/wp\/v2\/tags?post=466034"}],"curies":[{"name":"wp","href":"https:\/\/api.w.org\/{rel}","templated":true}]}}