{"id":466046,"date":"2025-10-15T23:26:23","date_gmt":"2025-10-15T23:26:23","guid":{"rendered":"https:\/\/www.europesays.com\/fr\/466046\/"},"modified":"2025-10-15T23:26:23","modified_gmt":"2025-10-15T23:26:23","slug":"13-grandes-humoristes-se-reunissent-en-novembre-a-strasbourg-2","status":"publish","type":"post","link":"https:\/\/www.europesays.com\/fr\/466046\/","title":{"rendered":"13 grand(e)s humoristes se r\u00e9unissent en novembre \u00e0 Strasbourg !"},"content":{"rendered":"<p>    <img loading=\"lazy\" width=\"1800\" height=\"900\" src=\"https:\/\/www.europesays.com\/fr\/wp-content\/uploads\/2025\/08\/jeanne-callthepolice.jpg\" class=\"attachment-full size-full\" alt=\"\" id=\"imageLove\" decoding=\"async\"  \/><\/p>\n<p id=\"breadcrumbs\"><a href=\"https:\/\/pokaa.fr\/\" rel=\"nofollow noopener\" target=\"_blank\">Accueil<\/a> \/ <a href=\"https:\/\/pokaa.fr\/categories\/ses-sorties\/\" rel=\"nofollow noopener\" target=\"_blank\">Sorties<\/a> \/ La Grande Nuit de l\u2019humour\u00a0: 13 grand(e)s humoristes se r\u00e9unissent en novembre \u00e0 Strasbourg !<\/p>\n<p>                    Sorties<\/p>\n<p><b>Une liste d\u2019invit\u00e9(e)s \u00e0 la taille de l\u2019\u00e9v\u00e9nement\u00a0: <\/b><b>grande<\/b><b>. Avec 13 t\u00eates d\u2019affiche, La Grande Nuit de l\u2019Humour ne rigole pas. Ou bien si, justement. De Mahaut Drama \u00e0 Edouard Deloignon, en passant par Alex Ramir\u00e8s, Anne Roumanoff et Mathieu Mad\u00e9nian : Strasbourg accueillera, le 7 novembre, un sacr\u00e9 plateau d\u2019humour sur la sc\u00e8ne du Rh\u00e9nus. Allez : on t\u2019en dit plus !\u00a0<\/b><\/p>\n<p>Ils et elles font certes du \u00ab seul(e)-en-sc\u00e8ne \u00bb, mais les voil\u00e0 qui seront bient\u00f4t <b>13<\/b> \u00e0 se partager la sc\u00e8ne du <b>Rh\u00e9nus de Strasbourg :<\/b>\u00a0<b>Laura Domenge<\/b>, <b>Oldelaf<\/b>, <b>Mahaut Drama<\/b>, <b>Alex Ramir\u00e8s<\/b>, <b>David Voinson<\/b>, <b>Sabrine Zayani<\/b>, <b>Viktor Vincent<\/b>, <b>Anne Roumanoff<\/b>, ou encore <b>Yann Guillarme<\/b>, <b>Karim Duval<\/b>, <b>Elodie Arnould<\/b> et <b>Mathieu Mad\u00e9nian<\/b>.<\/p>\n<p>La liste est longue et pourtant, vous n\u2019en voyez que 12 ? C\u2019\u00e9tait sans compter sur l\u2019humoriste strasbourgeoise <b>Antonia de Rendinger, qui sera ma\u00eetresse de c\u00e9r\u00e9monie<\/b>.<\/p>\n<\/p>\n<p>13 invit\u00e9(e)s pour 2h de spectacle <\/p>\n<p><b>Le vendredi 7 novembre<\/b>, d\u00e8s 20h, La Grande Nuit de l\u2019Humour les r\u00e9unira pour <a href=\"https:\/\/cutt.ly\/8r9x4jNs\" target=\"_blank\" rel=\"noopener nofollow\"><b>un spectacle exceptionnel de 2h<\/b><\/a>. Du grand <b>one-(wo)man show\u00a0<\/b>!<\/p>\n<p>Et si on n\u2019a ni le temps, ni l\u2019argent, d\u2019aller toutes et tous les voir en solo, ce bel \u00e9chantillon nous les servira sur <b>un joli plateau d\u2019humour<\/b>. Treize pour le prix d\u2019un(e), et ce n\u2019est pas une blague.<\/p>\n<p><strong>Une grande premi\u00e8re \u00e0 Strasbourg : tu viens ?<\/strong><\/p>\n<p>    <img width=\"800\" height=\"600\" src=\"https:\/\/www.europesays.com\/fr\/wp-content\/uploads\/2025\/10\/nuit-humour-800x600.jpg\" class=\"attachment-image-size-L size-image-size-L\" alt=\"grande nuit humour\" decoding=\"async\" loading=\"lazy\"  \/>         \u00a9 La Grande Nuit de l&rsquo;Humour \/ Document remis <\/p>\n<p>            La Grande Nuit de l&rsquo;Humour<\/p>\n<p>            Quoi ? <\/p>\n<p>Spectacle d\u2019humour avec 13 humoristes<\/p>\n<p>Avec : Laura Domenge, Oldelaf, Mahaut Drama, Alex Ramir\u00e8s, David Voinson, Sabrine Zayani, Viktor Vincent, Anne Roumanoff, Yann Guillarme, Karim Duval, Elodie Arnould et Mathieu Mad\u00e9nian<\/p>\n<p>                Quand ?<\/p>\n<p>Vendredi 7 novembre \u00e0 20h<\/p>\n<p>            o\u00f9 ?<\/p>\n<p>Au Rh\u00e9nus de Strasbourg, 17 boulevard de Dresde, \u00e0 Strasbourg<\/p>\n<p>                Plus d&rsquo;infos ?<\/p>\n<p><a href=\"https:\/\/www.topmusic.fr\/la-grande-nuit-de-l-humour\" target=\"_blank\" rel=\"noopener nofollow\">+ d\u2019infos sur La Grande Nuit de l\u2019Humour<\/a><\/p>\n<p><a href=\"https:\/\/cutt.ly\/8r9x4jNs\" target=\"_blank\" rel=\"noopener nofollow\">La billetterie en ligne<\/a><\/p>\n","protected":false},"excerpt":{"rendered":"Accueil \/ Sorties \/ La Grande Nuit de l\u2019humour\u00a0: 13 grand(e)s humoristes se r\u00e9unissent en novembre \u00e0 Strasbourg&hellip;\n","protected":false},"author":2,"featured_media":465805,"comment_status":"","ping_status":"","sticky":false,"template":"","format":"standard","meta":{"footnotes":""},"categories":[2820],"tags":[1111,11,4763,1777,674,1011,27,775,708,58938,12,21919,3907,25,52047,3140,7492,640],"class_list":{"0":"post-466046","1":"post","2":"type-post","3":"status-publish","4":"format-standard","5":"has-post-thumbnail","7":"category-strasbourg","8":"tag-actu","9":"tag-actualites","10":"tag-agenda","11":"tag-eu","12":"tag-europe","13":"tag-fr","14":"tag-france","15":"tag-grand-est","16":"tag-humour","17":"tag-la-grande-nuit-de-lhumour","18":"tag-news","19":"tag-ou-sortir","20":"tag-que-faire","21":"tag-republique-francaise","22":"tag-rhenus","23":"tag-spectacle","24":"tag-stand-up","25":"tag-strasbourg"},"share_on_mastodon":{"url":"https:\/\/pubeurope.com\/@fr\/115380773551764025","error":""},"_links":{"self":[{"href":"https:\/\/www.europesays.com\/fr\/wp-json\/wp\/v2\/posts\/466046","targetHints":{"allow":["GET"]}}],"collection":[{"href":"https:\/\/www.europesays.com\/fr\/wp-json\/wp\/v2\/posts"}],"about":[{"href":"https:\/\/www.europesays.com\/fr\/wp-json\/wp\/v2\/types\/post"}],"author":[{"embeddable":true,"href":"https:\/\/www.europesays.com\/fr\/wp-json\/wp\/v2\/users\/2"}],"replies":[{"embeddable":true,"href":"https:\/\/www.europesays.com\/fr\/wp-json\/wp\/v2\/comments?post=466046"}],"version-history":[{"count":0,"href":"https:\/\/www.europesays.com\/fr\/wp-json\/wp\/v2\/posts\/466046\/revisions"}],"wp:featuredmedia":[{"embeddable":true,"href":"https:\/\/www.europesays.com\/fr\/wp-json\/wp\/v2\/media\/465805"}],"wp:attachment":[{"href":"https:\/\/www.europesays.com\/fr\/wp-json\/wp\/v2\/media?parent=466046"}],"wp:term":[{"taxonomy":"category","embeddable":true,"href":"https:\/\/www.europesays.com\/fr\/wp-json\/wp\/v2\/categories?post=466046"},{"taxonomy":"post_tag","embeddable":true,"href":"https:\/\/www.europesays.com\/fr\/wp-json\/wp\/v2\/tags?post=466046"}],"curies":[{"name":"wp","href":"https:\/\/api.w.org\/{rel}","templated":true}]}}