{"id":466051,"date":"2025-10-15T23:29:14","date_gmt":"2025-10-15T23:29:14","guid":{"rendered":"https:\/\/www.europesays.com\/fr\/466051\/"},"modified":"2025-10-15T23:29:14","modified_gmt":"2025-10-15T23:29:14","slug":"la-prefecture-du-departement-renforce-la-surveillance-environnementale-aux-chantiers-de","status":"publish","type":"post","link":"https:\/\/www.europesays.com\/fr\/466051\/","title":{"rendered":"La pr\u00e9fecture du d\u00e9partement renforce la surveillance environnementale aux Chantiers de"},"content":{"rendered":"<p>Les Chantiers de l\u2019Atlantique connaissent un succ\u00e8s majeur, <a href=\"https:\/\/nantes.maville.com\/actu\/actudet_-le-paquebot-celebrity-xcel-sera-livre-a-l-armateur-royal-caribbean-jeudi-23-octobre-a-saint-nazaire-_8-7010888_actu.Htm\" target=\"_self\" rel=\"noopener\">entre la construction de paquebots g\u00e9ants<\/a> et de sous-stations \u00e9lectriques destin\u00e9es <a href=\"https:\/\/nantes.maville.com\/actu\/actudet_-embarquez-a-bord-du-vole-au-vent-le-navire-qui-installe-le-parc-eolien-en-vendee-_8-6962337_actu.Htm\" target=\"_self\" rel=\"noopener\">aux parcs \u00e9oliens en mer<\/a>. Une activit\u00e9 appel\u00e9e \u00e0 s\u2019intensifier dans les ann\u00e9es \u00e0 venir. Pour accompagner ce d\u00e9veloppement, la pr\u00e9fecture de Loire-Atlantique a publi\u00e9, lundi 13\u00a0octobre, un arr\u00eat\u00e9 renfor\u00e7ant la surveillance environnementale du site.<\/p>\n<p><a href=\"https:\/\/nantes.maville.com\/actu\/actudet_-pres-des-chantiers-de-l-atlantique-a-saint-nazaire-des-voitures-constellees-de-taches-de-peinture-_8-6499552_actu.Htm\" target=\"_self\" rel=\"noopener\">De nombreuses voitures avaient d\u2019ailleurs \u00e9t\u00e9 tachet\u00e9es de peinture provenant des Chantiers<\/a>, l\u2019an dernier, ce qui questionnait cet habitant de Saint-Brevin-les-Pins\u00a0: <strong>\u00ab\u00a0Si ces projections de peinture tombent sur nos voitures, combien finissent dans l\u2019eau\u00a0? Combien tombent dans nos poumons\u00a0?\u00a0\u00bb<\/strong><\/p>\n<p><strong>Pas de pollution significative<\/strong><\/p>\n<p>Le texte, envoy\u00e9 par la pr\u00e9fecture du D\u00e9partement, \u00e9largit le nombre de polluants suivis et int\u00e8gre de nouvelles installations au plan de contr\u00f4le. Il pr\u00e9voit aussi la mise en place d\u2019un dispositif de suivi des eaux souterraines et de la qualit\u00e9 de l\u2019air dans le voisinage des chantiers.<\/p>\n<p>Les premi\u00e8res analyses des nappes phr\u00e9atiques, d\u00e9j\u00e0 transmises aux associations locales, n\u2019ont pas r\u00e9v\u00e9l\u00e9 de pollution significative li\u00e9e aux activit\u00e9s actuelles de l\u2019industriel. Les campagnes de mesures vont se poursuivre.<\/p>\n<p>\u00a0<\/p>\n","protected":false},"excerpt":{"rendered":"Les Chantiers de l\u2019Atlantique connaissent un succ\u00e8s majeur, entre la construction de paquebots g\u00e9ants et de sous-stations \u00e9lectriques&hellip;\n","protected":false},"author":2,"featured_media":466052,"comment_status":"","ping_status":"","sticky":false,"template":"","format":"standard","meta":{"footnotes":""},"categories":[2818],"tags":[1111,11,2865,6130,9968,22357,1777,674,1011,27,766,12,2636,8916,36546,25,9673],"class_list":{"0":"post-466051","1":"post","2":"type-post","3":"status-publish","4":"format-standard","5":"has-post-thumbnail","7":"category-nantes","8":"tag-actu","9":"tag-actualites","10":"tag-atlantique","11":"tag-chantiers","12":"tag-departement","13":"tag-environnementale","14":"tag-eu","15":"tag-europe","16":"tag-fr","17":"tag-france","18":"tag-nantes","19":"tag-news","20":"tag-pays-de-la-loire","21":"tag-prefecture","22":"tag-renforce","23":"tag-republique-francaise","24":"tag-surveillance"},"share_on_mastodon":{"url":"https:\/\/pubeurope.com\/@fr\/115380785248002575","error":""},"_links":{"self":[{"href":"https:\/\/www.europesays.com\/fr\/wp-json\/wp\/v2\/posts\/466051","targetHints":{"allow":["GET"]}}],"collection":[{"href":"https:\/\/www.europesays.com\/fr\/wp-json\/wp\/v2\/posts"}],"about":[{"href":"https:\/\/www.europesays.com\/fr\/wp-json\/wp\/v2\/types\/post"}],"author":[{"embeddable":true,"href":"https:\/\/www.europesays.com\/fr\/wp-json\/wp\/v2\/users\/2"}],"replies":[{"embeddable":true,"href":"https:\/\/www.europesays.com\/fr\/wp-json\/wp\/v2\/comments?post=466051"}],"version-history":[{"count":0,"href":"https:\/\/www.europesays.com\/fr\/wp-json\/wp\/v2\/posts\/466051\/revisions"}],"wp:featuredmedia":[{"embeddable":true,"href":"https:\/\/www.europesays.com\/fr\/wp-json\/wp\/v2\/media\/466052"}],"wp:attachment":[{"href":"https:\/\/www.europesays.com\/fr\/wp-json\/wp\/v2\/media?parent=466051"}],"wp:term":[{"taxonomy":"category","embeddable":true,"href":"https:\/\/www.europesays.com\/fr\/wp-json\/wp\/v2\/categories?post=466051"},{"taxonomy":"post_tag","embeddable":true,"href":"https:\/\/www.europesays.com\/fr\/wp-json\/wp\/v2\/tags?post=466051"}],"curies":[{"name":"wp","href":"https:\/\/api.w.org\/{rel}","templated":true}]}}