{"id":46606,"date":"2025-04-23T12:58:08","date_gmt":"2025-04-23T12:58:08","guid":{"rendered":"https:\/\/www.europesays.com\/fr\/46606\/"},"modified":"2025-04-23T12:58:08","modified_gmt":"2025-04-23T12:58:08","slug":"nice-toulon-cannes-frejus-combien-dhabitants-vivent-a-moins-de-300-metres-dun-espace-vert-dans-ces-centres-urbains-2","status":"publish","type":"post","link":"https:\/\/www.europesays.com\/fr\/46606\/","title":{"rendered":"Nice, Toulon, Cannes, Fr\u00e9jus&#8230; Combien d&rsquo;habitants vivent \u00e0 moins de 300 m\u00e8tres d&rsquo;un espace vert dans ces centres urbains?"},"content":{"rendered":"<p>En 2023, Nice arrivait <a href=\"https:\/\/www.nicematin.com\/environnement\/nice-classee-la-ville-la-plus-verte-de-france-meme-si-le-beton-gagne-du-terrain-861251?t=1745404847\" target=\"_blank\" rel=\"noopener nofollow\">en t\u00eate des agglom\u00e9rations les plus vertes de France<\/a> avec un taux de couverture arbor\u00e9e de 33%. Un chiffre obtenu gr\u00e2ce \u00e0 l&rsquo;analyse des vues a\u00e9riennes r\u00e9alis\u00e9es par\u00a0l\u2019Institut g\u00e9ographique national (IGN).\u00a0<\/p>\n<p>Avec 53m2 de surface arbor\u00e9e par habitant, Nice se pla\u00e7ait en t\u00eate des grandes agglom\u00e9rations de plus de 200.000 habitants. Mais il s&rsquo;agissait\u00a0<strong>la couverture moyenne<\/strong> de cette canop\u00e9e urbaine.\u00a0<\/p>\n<p>Des travaux in\u00e9dits qui couvrent les\u00a072 grands centres urbains de France m\u00e9tropolitaine, soit 770 communes et 26 millions d&rsquo;habitants ont \u00e9t\u00e9 <a href=\"https:\/\/www.insee.fr\/fr\/statistiques\/8558420#tableau-figure1\" target=\"_blank\" rel=\"noopener nofollow\">r\u00e9alis\u00e9s par l&rsquo;INSEE<\/a>, en observant cette fois-ci <strong>la part de la population qui a acc\u00e8s \u00e0 un espace vert \u00e0 moins de 300 m\u00e8tres<\/strong>.\u00a0<\/p>\n<p>Et <strong>Nice<\/strong> n&rsquo;est plus vraiment sur le podium quand on observe les choses de cette fa\u00e7on.\u00a0<strong>43,1% de la population vit pr\u00e8s d&rsquo;un espace vert<\/strong>, soit moins d&rsquo;un habitant sur deux.\u00a0<\/p>\n<p>\u00c0 noter que\u00a0ces crit\u00e8res <strong>ne prennent pas en compte<\/strong> les \u00ab\u00a0espaces bleus\u00a0\u00bb comme<strong> le littoral, ni les espaces verts priv\u00e9s<\/strong>.<\/p>\n<p>C&rsquo;est \u00e0 Dijon, Paris, Bordeaux ou Le Havre que les espaces verts sont le plus rapidement accessibles, quand Quimper, N\u00eemes ou Aix-en-Provence sont les moins bien lotis, pr\u00e9cise l&rsquo;INSEE.\u00a0<\/p>\n<p>12,1% de la population de La Seyne pr\u00e8s d&rsquo;un espace vert<\/p>\n<p>Dans le classement des centres urbains de 200.000 habitants ou plus (hors Paris), Toulon arrive apr\u00e8s Nice avec <strong>37,1% de sa population<\/strong> qui vit \u00e0 moins de 300 m\u00e8tres d&rsquo;un espace vert.\u00a0Cannes-Antibes atteint les <strong>32,4%<\/strong>.<\/p>\n<p>Compar\u00e9e aux centres urbains de moins de 200.000 habitants mais denses, <strong>La Seyne-sur-Mer obtient seulement 12,1%<\/strong>. Dans cette m\u00eame cat\u00e9gorie, la ville de Creil (Oise) atteint les 75,1%.\u00a0<\/p>\n<p>Enfin, dans les centres urbains de moins de 200.000 habitants, peu dense, la part de population vivant pr\u00e8s d&rsquo;un espace vert est de <strong>16,3% \u00e0 Fr\u00e9jus<\/strong>. Saint-Brieuc (C\u00f4tes d&rsquo;Armor), par exemple, atteint les 56,4%.\u00a0<\/p>\n<p>L&rsquo;objectif de cette \u00e9tude est de \u00ab\u00a0mesurer la capacit\u00e9 des villes \u00e0 <strong>donner un acc\u00e8s imm\u00e9diat \u00e0 la nature<\/strong>\u00ab\u00a0, a expliqu\u00e9 \u00e0 l&rsquo;AFP Martin Chevalier, chef de la division Statistiques et analyses urbaines \u00e0 l&rsquo;Insee.\u00a0\u00ab\u00a0Ce ne sont pas les grandes for\u00eats p\u00e9riph\u00e9riques qui vont le plus aider \u00e0 atteindre cet objectif, mais davantage le petit parc de proximit\u00e9\u00a0\u00bb, a-t-il soulign\u00e9.<\/p>\n<p>Certaines collectivit\u00e9s locales mettent en \u0153uvre la r\u00e8gle des\u00a0\u00ab\u00a03-30-300\u00a0\u00bb, selon laquelle chaque habitant doit <strong>voir au moins trois arbres depuis sa fen\u00eatre<\/strong>, dans un quartier avec <strong>30% de canop\u00e9e<\/strong> et habiter <strong>\u00e0 moins de 300 m\u00e8tres d&rsquo;un espace vert<\/strong>.<\/p>\n","protected":false},"excerpt":{"rendered":"En 2023, Nice arrivait en t\u00eate des agglom\u00e9rations les plus vertes de France avec un taux de couverture&hellip;\n","protected":false},"author":2,"featured_media":46586,"comment_status":"","ping_status":"","sticky":false,"template":"","format":"standard","meta":{"footnotes":""},"categories":[2819],"tags":[1111,11,436,1777,674,1011,27,12,2401,882,25,1352],"class_list":{"0":"post-46606","1":"post","2":"type-post","3":"status-publish","4":"format-standard","5":"has-post-thumbnail","7":"category-nice","8":"tag-actu","9":"tag-actualites","10":"tag-environnement","11":"tag-eu","12":"tag-europe","13":"tag-fr","14":"tag-france","15":"tag-news","16":"tag-nice","17":"tag-provence-alpes-cote-dazur","18":"tag-republique-francaise","19":"tag-urbanisme"},"share_on_mastodon":{"url":"https:\/\/pubeurope.com\/@fr\/114387399895274434","error":""},"_links":{"self":[{"href":"https:\/\/www.europesays.com\/fr\/wp-json\/wp\/v2\/posts\/46606","targetHints":{"allow":["GET"]}}],"collection":[{"href":"https:\/\/www.europesays.com\/fr\/wp-json\/wp\/v2\/posts"}],"about":[{"href":"https:\/\/www.europesays.com\/fr\/wp-json\/wp\/v2\/types\/post"}],"author":[{"embeddable":true,"href":"https:\/\/www.europesays.com\/fr\/wp-json\/wp\/v2\/users\/2"}],"replies":[{"embeddable":true,"href":"https:\/\/www.europesays.com\/fr\/wp-json\/wp\/v2\/comments?post=46606"}],"version-history":[{"count":0,"href":"https:\/\/www.europesays.com\/fr\/wp-json\/wp\/v2\/posts\/46606\/revisions"}],"wp:featuredmedia":[{"embeddable":true,"href":"https:\/\/www.europesays.com\/fr\/wp-json\/wp\/v2\/media\/46586"}],"wp:attachment":[{"href":"https:\/\/www.europesays.com\/fr\/wp-json\/wp\/v2\/media?parent=46606"}],"wp:term":[{"taxonomy":"category","embeddable":true,"href":"https:\/\/www.europesays.com\/fr\/wp-json\/wp\/v2\/categories?post=46606"},{"taxonomy":"post_tag","embeddable":true,"href":"https:\/\/www.europesays.com\/fr\/wp-json\/wp\/v2\/tags?post=46606"}],"curies":[{"name":"wp","href":"https:\/\/api.w.org\/{rel}","templated":true}]}}