{"id":466061,"date":"2025-10-15T23:34:12","date_gmt":"2025-10-15T23:34:12","guid":{"rendered":"https:\/\/www.europesays.com\/fr\/466061\/"},"modified":"2025-10-15T23:34:12","modified_gmt":"2025-10-15T23:34:12","slug":"previsions-du-jeudi-16-octobre-2025-3","status":"publish","type":"post","link":"https:\/\/www.europesays.com\/fr\/466061\/","title":{"rendered":"pr\u00e9visions du jeudi 16 octobre 2025"},"content":{"rendered":"<p class=\"mb-4 text-lg md:leading-8 break-words\"><strong>M\u00e9t\u00e9o &#8211; Cette journ\u00e9e rimera avec grand soleil. Les temp\u00e9ratures seront de 16\u00b0C le matin et de 22\u00b0C l&rsquo;apr\u00e8s-midi&#8230;<\/strong><\/p>\n<p class=\"mb-4 text-lg md:leading-8 break-words\">Un bel ensoleillement est pr\u00e9vu aujourd&rsquo;hui \u00e0 Toulouse. Il fera 18\u00b0C en moyenne. Dans la matin\u00e9e, les temp\u00e9ratures avoisineront les 16\u00b0C. Un vent de sud-est soufflera l\u00e9g\u00e8rement, avec 9 km\/h. Les temp\u00e9ratures vont grimper pendant l&rsquo;apr\u00e8s-midi de plusieurs degr\u00e9s. Les valeurs seront de 20\u00b0C au minimum et de 23\u00b0C au maximum. On pr\u00e9voit une embellie pour cette soir\u00e9e. Les valeurs avoisineront les 17\u00b0C. On pr\u00e9voit une nuit claire entre jeudi et vendredi.<\/p>\n<p class=\"mb-4 text-lg md:leading-8 break-words\">C&rsquo;est un soleil magnifique qui va se montrer demain sur Toulouse. Le mercure affichera 18\u00b0C en moyenne. Un l\u00e9ger vent de sud-est soufflera au cours de la matin\u00e9e. Les temp\u00e9ratures vont enregistrer une augmentation de plusieurs degr\u00e9s au cours de l&rsquo;apr\u00e8s-midi. Les valeurs s&rsquo;\u00e9chelonneront de 20 \u00e0 24\u00b0C. Le ciel sera assez lumineux, avec quelques \u00e9claircies demain soir. Une brise de sud-est soufflera doucement.<\/p>\n<p class=\"mb-4 text-lg md:leading-8 break-words\">Les jours qui suivent s&rsquo;annoncent identiques. Il va faire un temps relativement ensoleill\u00e9 avec des temp\u00e9ratures avoisinant 19\u00b0C.<\/p>\n<p class=\"mb-4 text-lg md:leading-8 break-words\"><a href=\"https:\/\/www.20minutes.fr\/planete\/previsions-meteo\/4179594-20251016-meteo-toulouse-previsions-jeudi-16-octobre-2025?at_medium=RSS%20feed&amp;at_campaign=ynews&amp;utm_source=yahoo&amp;utm_medium=rss&amp;utm_campaign=news_feed&amp;utm_content=read_more_link&quot;\" rel=\"nofollow noopener\" target=\"_blank\" data-ylk=\"slk:Lire la suite sur 20minutes;elm:context_link;itc:0;sec:content-canvas\" class=\"link \">Lire la suite sur 20minutes<\/a><\/p>\n","protected":false},"excerpt":{"rendered":"M\u00e9t\u00e9o &#8211; Cette journ\u00e9e rimera avec grand soleil. Les temp\u00e9ratures seront de 16\u00b0C le matin et de 22\u00b0C&hellip;\n","protected":false},"author":2,"featured_media":466062,"comment_status":"","ping_status":"","sticky":false,"template":"","format":"standard","meta":{"footnotes":""},"categories":[2816],"tags":[1111,11,1777,674,1011,27,57214,51394,2487,12,2680,25,2312],"class_list":{"0":"post-466061","1":"post","2":"type-post","3":"status-publish","4":"format-standard","5":"has-post-thumbnail","7":"category-toulouse","8":"tag-actu","9":"tag-actualites","10":"tag-eu","11":"tag-europe","12":"tag-fr","13":"tag-france","14":"tag-grand-soleil","15":"tag-la-matinee","16":"tag-meteo","17":"tag-news","18":"tag-occitanie","19":"tag-republique-francaise","20":"tag-toulouse"},"share_on_mastodon":{"url":"https:\/\/pubeurope.com\/@fr\/115380805018123797","error":""},"_links":{"self":[{"href":"https:\/\/www.europesays.com\/fr\/wp-json\/wp\/v2\/posts\/466061","targetHints":{"allow":["GET"]}}],"collection":[{"href":"https:\/\/www.europesays.com\/fr\/wp-json\/wp\/v2\/posts"}],"about":[{"href":"https:\/\/www.europesays.com\/fr\/wp-json\/wp\/v2\/types\/post"}],"author":[{"embeddable":true,"href":"https:\/\/www.europesays.com\/fr\/wp-json\/wp\/v2\/users\/2"}],"replies":[{"embeddable":true,"href":"https:\/\/www.europesays.com\/fr\/wp-json\/wp\/v2\/comments?post=466061"}],"version-history":[{"count":0,"href":"https:\/\/www.europesays.com\/fr\/wp-json\/wp\/v2\/posts\/466061\/revisions"}],"wp:featuredmedia":[{"embeddable":true,"href":"https:\/\/www.europesays.com\/fr\/wp-json\/wp\/v2\/media\/466062"}],"wp:attachment":[{"href":"https:\/\/www.europesays.com\/fr\/wp-json\/wp\/v2\/media?parent=466061"}],"wp:term":[{"taxonomy":"category","embeddable":true,"href":"https:\/\/www.europesays.com\/fr\/wp-json\/wp\/v2\/categories?post=466061"},{"taxonomy":"post_tag","embeddable":true,"href":"https:\/\/www.europesays.com\/fr\/wp-json\/wp\/v2\/tags?post=466061"}],"curies":[{"name":"wp","href":"https:\/\/api.w.org\/{rel}","templated":true}]}}