{"id":466071,"date":"2025-10-15T23:39:19","date_gmt":"2025-10-15T23:39:19","guid":{"rendered":"https:\/\/www.europesays.com\/fr\/466071\/"},"modified":"2025-10-15T23:39:19","modified_gmt":"2025-10-15T23:39:19","slug":"a-lyon-une-manifestation-du-secteur-associatif-ce-jeudi","status":"publish","type":"post","link":"https:\/\/www.europesays.com\/fr\/466071\/","title":{"rendered":"\u00c0 Lyon, une manifestation du secteur associatif ce jeudi"},"content":{"rendered":"<p class=\"wp-block-post-excerpt__excerpt\">Ce jeudi 16 octobre, r\u00e9pondant \u00e0 un appel national, le secteur associatif se rassemble pour protester contre la \u00ab destruction \u00bb de ses emplois. Symboliquement, le rassemblement aura lieu \u00e0 midi, devant l\u2019h\u00f4tel de R\u00e9gion (Lyon 2e). <\/p>\n<p class=\"font-sans\">\n\t\t\tCet article est en acc\u00e8s libre. Pour soutenir Rue89 Lyon,<br \/>\n\t\t\t<a class=\"underline\" href=\"https:\/\/www.rue89lyon.fr\/abonnement\/\" target=\"_blank\" rel=\"noopener\">abonnez-vous<\/a>.\n\t\t<\/p>\n<p>Rue89Lyon<\/p>\n<p>Publi\u00e9 le 15 octobre 2025\u00a0\u00a0\u00b7\u00a0\u00a0<\/p>\n<p>Imprim\u00e9 le 16 octobre 2025 \u00e0 01h39\u00a0\u00a0\u00b7\u00a0\u00a0<\/p>\n<p>Modifi\u00e9 le 15 octobre 2025\u00a0\u00a0\u00b7\u00a0\u00a0<\/p>\n<p>\t\t\t\t\t2\u00a0minutes\n<\/p>\n<blockquote class=\"wp-block-quote is-layout-flow wp-block-quote-is-layout-flow\">\n<p>\u00ab Depuis janvier 2025, nous voyons pleuvoir les licenciements ou autres formes de ruptures de nos contrats de travail. \u00bb <\/p>\n<\/blockquote>\n<p>Pour le secteur associatif, c\u2019est un nouveau cri d\u2019alarme. Ce jeudi 16 octobre, \u00e0 l\u2019appel d\u2019Asso-Solidaires, un rassemblement se tiendra devant l\u2019h\u00f4tel de R\u00e9gion (Lyon 2e).<\/p>\n<p>Apr\u00e8s une premi\u00e8re manifestation, samedi 11 octobre quai Augueneur (Lyon 3e), <a href=\"https:\/\/www.rue89lyon.fr\/2025\/10\/09\/plus-grand-plan-social-france-lyon-cri-dalarme-associations\/\" target=\"_blank\" rel=\"noreferrer noopener\">contre les baisses de financement des collectivit\u00e9s<\/a>, l\u2019heure est d\u00e9sormais \u00e0 la gr\u00e8ve pour les plus d\u00e9termin\u00e9s. Objectif : protester contre la \u00ab destruction \u00bb des emplois et contre \u00ab une politique \u00e9conomique mortif\u00e8re qui n\u2019est pas \u00e0 la hauteur des crises qui \u00e9clatent dans le pays \u00bb.<\/p>\n<p>\u00c0 lire sur Rue89Lyon<\/p>\n<p>\t\t\u00c0 Lyon, une manifestation contre \u00ab l\u2019aust\u00e9rit\u00e9 \u00bb dans le milieu associatif<\/p>\n<p>Dans son communiqu\u00e9, Asso-Solidaires Rh\u00f4ne \u00e9voque les nombreux licenciements et fins de contrat non remplac\u00e9s. Au total, selon le syndicat, ce sont \u00ab plus de 8 % des associations de la R\u00e9gion Aura \u00bb qui mettent en place des plans de licenciements \u00e9conomiques.<\/p>\n<blockquote class=\"wp-block-quote is-layout-flow wp-block-quote-is-layout-flow\">\n<p>\u00ab L\u2019aust\u00e9rit\u00e9 d\u00e9truit nos emplois, d\u00e9t\u00e9riore nos conditions de travail ainsi que la vie quotidienne des millions d\u2019usager\u00b7es des associations, qui verront des services et des projets, dont iels b\u00e9n\u00e9ficient, supprim\u00e9s ou d\u00e9grad\u00e9s. \u00bb<\/p>\n<p>Extrait du communiqu\u00e9 de presse d\u2019Asso-Solidaires<\/p>\n<\/blockquote>\n<p>Ce jeudi, le secteur associatif entend demander (entre autres) l\u2019augmentation des salaires \u00ab dans le public comme dans le priv\u00e9 \u00bb, et \u00ab un financement et une valorisation des associations \u00e0 la hauteur des besoins sociaux \u00bb.<\/p>\n<p>\u00ab Les probl\u00e8mes de notre secteur existaient avant m\u00eame le budget d\u2019aust\u00e9rit\u00e9 pr\u00e9sent\u00e9 par Fran\u00e7ois Bayrou, rappelle une syndiqu\u00e9e d\u2019Asso-Solidaires Rh\u00f4ne. On voulait une mobilisation par la gr\u00e8ve pour protester contre la pr\u00e9carit\u00e9 de nos emplois. \u00bb <\/p>\n<p>Pour elle : il est temps d\u2019augmenter la pression pour obtenir gain de cause. Un rendez-vous donn\u00e9 devant la R\u00e9gion, symbolisant, pour les manifestants, une hausse des coupes budg\u00e9taires. En plein conseil r\u00e9gional, ils auront peut-\u00eatre l\u2019espoir d\u2019\u00eatre \u00e9lus par les \u00e9lus pr\u00e9sents. <\/p>\n","protected":false},"excerpt":{"rendered":"Ce jeudi 16 octobre, r\u00e9pondant \u00e0 un appel national, le secteur associatif se rassemble pour protester contre la&hellip;\n","protected":false},"author":2,"featured_media":466072,"comment_status":"","ping_status":"","sticky":false,"template":"","format":"standard","meta":{"footnotes":""},"categories":[1889],"tags":[1111,11,4077,2430,1777,674,1011,27,5639,2428,2088,12,25],"class_list":{"0":"post-466071","1":"post","2":"type-post","3":"status-publish","4":"format-standard","5":"has-post-thumbnail","7":"category-lyon","8":"tag-actu","9":"tag-actualites","10":"tag-association","11":"tag-auvergne-rhone-alpes","12":"tag-eu","13":"tag-europe","14":"tag-fr","15":"tag-france","16":"tag-laurent-wauquiez","17":"tag-lyon","18":"tag-manifestation","19":"tag-news","20":"tag-republique-francaise"},"share_on_mastodon":{"url":"https:\/\/pubeurope.com\/@fr\/115380824545053326","error":""},"_links":{"self":[{"href":"https:\/\/www.europesays.com\/fr\/wp-json\/wp\/v2\/posts\/466071","targetHints":{"allow":["GET"]}}],"collection":[{"href":"https:\/\/www.europesays.com\/fr\/wp-json\/wp\/v2\/posts"}],"about":[{"href":"https:\/\/www.europesays.com\/fr\/wp-json\/wp\/v2\/types\/post"}],"author":[{"embeddable":true,"href":"https:\/\/www.europesays.com\/fr\/wp-json\/wp\/v2\/users\/2"}],"replies":[{"embeddable":true,"href":"https:\/\/www.europesays.com\/fr\/wp-json\/wp\/v2\/comments?post=466071"}],"version-history":[{"count":0,"href":"https:\/\/www.europesays.com\/fr\/wp-json\/wp\/v2\/posts\/466071\/revisions"}],"wp:featuredmedia":[{"embeddable":true,"href":"https:\/\/www.europesays.com\/fr\/wp-json\/wp\/v2\/media\/466072"}],"wp:attachment":[{"href":"https:\/\/www.europesays.com\/fr\/wp-json\/wp\/v2\/media?parent=466071"}],"wp:term":[{"taxonomy":"category","embeddable":true,"href":"https:\/\/www.europesays.com\/fr\/wp-json\/wp\/v2\/categories?post=466071"},{"taxonomy":"post_tag","embeddable":true,"href":"https:\/\/www.europesays.com\/fr\/wp-json\/wp\/v2\/tags?post=466071"}],"curies":[{"name":"wp","href":"https:\/\/api.w.org\/{rel}","templated":true}]}}