{"id":466073,"date":"2025-10-15T23:40:11","date_gmt":"2025-10-15T23:40:11","guid":{"rendered":"https:\/\/www.europesays.com\/fr\/466073\/"},"modified":"2025-10-15T23:40:11","modified_gmt":"2025-10-15T23:40:11","slug":"hans-hateboer-devrait-etre-prete-a-lyon-france-lyon","status":"publish","type":"post","link":"https:\/\/www.europesays.com\/fr\/466073\/","title":{"rendered":"Hans Hateboer devrait \u00eatre pr\u00eat\u00e9 \u00e0 Lyon &#8211; France &#8211; Lyon"},"content":{"rendered":"<p>Histoire d\u2019assurer ses arri\u00e8res ?<\/p>\n<p>Selon les informations de <a target=\"_blank\" href=\"https:\/\/www.lequipe.fr\/Football\/Actualites\/Mercato-le-defenseur-de-rennes-hans-hateboer-joker-de-l-ol\/1601933\" rel=\"nofollow noopener\">L\u2019\u00c9quipe<\/a>, l\u2019Olympique lyonnais et le Stade rennais se seraient mis d\u2019accord pour le pr\u00eat gratuit du d\u00e9fenseur Hans Hateboer. Le club rhodanien prendrait en charge l\u2019int\u00e9gralit\u00e9 du salaire du N\u00e9erlandais de 31 ans, qui n\u2019est apparu que 21 minutes cette saison et n\u2019a disput\u00e9 en tout que 29 rencontres avec le SRFC sans jamais convaincre. L\u2019ancien d\u00e9fenseur de l\u2019Atalanta est polyvalent puisqu\u2019il peut jouer dans l\u2019axe mais aussi comme lat\u00e9ral droit.<\/p>\n<p>Pas qualifi\u00e9 pour le d\u00e9placement \u00e0 Nice<\/p>\n<p>Si rien n\u2019a \u00e9t\u00e9 officialis\u00e9, Hateboer, sous contrat avec Rennes jusqu\u2019en juin 2026, ne figure pas dans la liste des qualifi\u00e9s pour le match des Gones \u00e0 Nice ce week-end. M\u00eame si la fen\u00eatre des transferts est close, les clubs fran\u00e7ais peuvent recruter un \u00e9l\u00e9ment suppl\u00e9mentaire, un joker, \u00e0 condition que ce dernier \u00e9volue en France. Toutes les conditions sont r\u00e9unies ici.<\/p>\n<p>Comme \u00e7a, tout le monde est content.<\/p>\n<p>\t\t\t\t\t\t\t\t\t\t<a class=\"lien-connexe\" href=\"https:\/\/www.sofoot.com\/breves\/rennes-ol-habib-beye-repond-aux-accusations-de-jorge-maciel\" rel=\"nofollow noopener\" target=\"_blank\">Habib Beye r\u00e9pond aux accusations de Jorge Maciel<\/a>\t\t\t\t\t<\/p>\n","protected":false},"excerpt":{"rendered":"Histoire d\u2019assurer ses arri\u00e8res ? Selon les informations de L\u2019\u00c9quipe, l\u2019Olympique lyonnais et le Stade rennais se seraient&hellip;\n","protected":false},"author":2,"featured_media":466074,"comment_status":"","ping_status":"","sticky":false,"template":"","format":"standard","meta":{"footnotes":""},"categories":[1889],"tags":[1111,47,11,61,2430,69,65,64,1777,674,63,1011,27,68,66,2428,12,62,70,25,67],"class_list":{"0":"post-466073","1":"post","2":"type-post","3":"status-publish","4":"format-standard","5":"has-post-thumbnail","7":"category-lyon","8":"tag-actu","9":"tag-actualite","10":"tag-actualites","11":"tag-actus-football","12":"tag-auvergne-rhone-alpes","13":"tag-bundesliga","14":"tag-championnats-europeens","15":"tag-equipe-de-france","16":"tag-eu","17":"tag-europe","18":"tag-football","19":"tag-fr","20":"tag-france","21":"tag-ligua","22":"tag-ligue-1","23":"tag-lyon","24":"tag-news","25":"tag-news-foot","26":"tag-premier-league","27":"tag-republique-francaise","28":"tag-serie-a"},"share_on_mastodon":{"url":"https:\/\/pubeurope.com\/@fr\/115380828467506568","error":""},"_links":{"self":[{"href":"https:\/\/www.europesays.com\/fr\/wp-json\/wp\/v2\/posts\/466073","targetHints":{"allow":["GET"]}}],"collection":[{"href":"https:\/\/www.europesays.com\/fr\/wp-json\/wp\/v2\/posts"}],"about":[{"href":"https:\/\/www.europesays.com\/fr\/wp-json\/wp\/v2\/types\/post"}],"author":[{"embeddable":true,"href":"https:\/\/www.europesays.com\/fr\/wp-json\/wp\/v2\/users\/2"}],"replies":[{"embeddable":true,"href":"https:\/\/www.europesays.com\/fr\/wp-json\/wp\/v2\/comments?post=466073"}],"version-history":[{"count":0,"href":"https:\/\/www.europesays.com\/fr\/wp-json\/wp\/v2\/posts\/466073\/revisions"}],"wp:featuredmedia":[{"embeddable":true,"href":"https:\/\/www.europesays.com\/fr\/wp-json\/wp\/v2\/media\/466074"}],"wp:attachment":[{"href":"https:\/\/www.europesays.com\/fr\/wp-json\/wp\/v2\/media?parent=466073"}],"wp:term":[{"taxonomy":"category","embeddable":true,"href":"https:\/\/www.europesays.com\/fr\/wp-json\/wp\/v2\/categories?post=466073"},{"taxonomy":"post_tag","embeddable":true,"href":"https:\/\/www.europesays.com\/fr\/wp-json\/wp\/v2\/tags?post=466073"}],"curies":[{"name":"wp","href":"https:\/\/api.w.org\/{rel}","templated":true}]}}