{"id":466081,"date":"2025-10-15T23:45:16","date_gmt":"2025-10-15T23:45:16","guid":{"rendered":"https:\/\/www.europesays.com\/fr\/466081\/"},"modified":"2025-10-15T23:45:16","modified_gmt":"2025-10-15T23:45:16","slug":"prix-de-la-mode-du-monde-arabe-les-laureats-de-la-premiere-edition-devoiles","status":"publish","type":"post","link":"https:\/\/www.europesays.com\/fr\/466081\/","title":{"rendered":"Prix de la mode du monde arabe : les laur\u00e9ats de la premi\u00e8re \u00e9dition d\u00e9voil\u00e9s"},"content":{"rendered":"<p>\n                                    <b>Publi\u00e9 le<\/b><br \/>\n                                    <\/p>\n<p>                                        15 octobre 2025<\/p>\n<p class=\"article-content col-md-8 offset-md-1\">\n                                Le mercredi 8 octobre 2025, l\u2019Institut du monde arabe a r\u00e9v\u00e9l\u00e9 les laur\u00e9ats de la premi\u00e8re \u00e9dition du Prix de la mode du monde arabe lors d\u2019une c\u00e9r\u00e9monie organis\u00e9e \u00e0 Paris, en pr\u00e9sence de figures majeures du monde de la mode, de la culture et des m\u00e9dias. Cr\u00e9\u00e9 pour c\u00e9l\u00e9brer la cr\u00e9ativit\u00e9, le savoir-faire et la diversit\u00e9 des talents issus du monde arabe, le Prix a distingu\u00e9 cette ann\u00e9e quatre laur\u00e9ats r\u00e9partis en trois cat\u00e9gories: Talent \u00c9mergent, Talent Innovant et Talent Accessoires. Face \u00e0 la richesse et \u00e0 la qualit\u00e9 des cr\u00e9ations pr\u00e9sent\u00e9es, deux distinctions suppl\u00e9mentaires ont \u00e9galement \u00e9t\u00e9 attribu\u00e9es: le Prix sp\u00e9cial du jury et le Prix de l\u2019entrepreneuriat cr\u00e9atif.<\/p>\n<p><img decoding=\"async\" class=\"news-image\" style=\"width:100%;max-width:774px;\" src=\"https:\/\/www.europesays.com\/fr\/wp-content\/uploads\/2025\/10\/b2ab.jpg\" alt=\"\" loading=\"lazy\"\/> DR<\/p>\n<p class=\"col-md-8 offset-md-1 article-content--texte\">Le Saoudien Ahmed Hassan re\u00e7oit le prix Talent \u00c9mergent pour son travail \u00e0 la t\u00eate de la maison KML, o\u00f9 il m\u00eale approche architecturale et sensibilit\u00e9 des proportions pour une mode conceptuelle ancr\u00e9e dans la tradition et tourn\u00e9e vers l\u2019avenir. L\u2019Alg\u00e9rien Abdel Djalel Chib est r\u00e9compens\u00e9 par le prix Talent Innovant pour ses cr\u00e9ations d\u2019accessoires r\u00e9alis\u00e9es \u00e0 la main en s\u00e9ries limit\u00e9es, \u00e0 la crois\u00e9e de l\u2019architecture, du design et de l\u2019artisanat, port\u00e9es par une d\u00e9marche engag\u00e9e et durable. La cat\u00e9gorie Talent Accessoires distingue cette ann\u00e9e Lina Kouhaili pour ses \u00ab\u00a0objets-\u00e0-porter\u00a0\u00bb, cr\u00e9ations hybrides entre accessoires et sculptures qui c\u00e9l\u00e8brent sa double culture franco-marocaine, et Oubadah Nouktah pour ses pi\u00e8ces de maroquinerie conceptuelles et fonctionnelles r\u00e9unies sous le label Nouktah.<\/p>\n<p>Le Prix sp\u00e9cial du jury a \u00e9t\u00e9 attribu\u00e9 \u00e0 Mouthana Alhaj Ali pour une cr\u00e9ation qui fait de la m\u00e9moire et de la transmission le c\u0153ur d\u2019un travail rendant hommage aux femmes ayant travers\u00e9 la guerre et transformant la douleur en r\u00e9cit de r\u00e9silience. Le Prix de l\u2019entrepreneuriat cr\u00e9atif a distingu\u00e9 Sophia Kacimi et son projet Zoubida, qui valorise le travail des artisans marocains entre F\u00e8s et Rabat \u00e0 travers des pi\u00e8ces unisexes et intemporelles et des installations textiles participatives.<\/p>\n<p><img decoding=\"async\" class=\"news-image\" style=\"width:100%;max-width:645px;\" src=\"https:\/\/www.europesays.com\/fr\/wp-content\/uploads\/2025\/10\/ced8.png\" alt=\"\" loading=\"lazy\"\/> DR<\/p>\n<p class=\"col-md-8 offset-md-1 article-content--texte\">Le jury de cette premi\u00e8re \u00e9dition r\u00e9unissait des personnalit\u00e9s reconnues du monde de la mode et de la culture, qui ont salu\u00e9 la qualit\u00e9 des propositions re\u00e7ues. La premi\u00e8re \u00e9dition a attir\u00e9 plus de 125 candidatures venues d\u2019une quinzaine de pays et une trentaine de finalistes ont \u00e9t\u00e9 retenus, illustrant la diversit\u00e9, l\u2019excellence et la modernit\u00e9 de la cr\u00e9ation arabe contemporaine. Pour Jack Lang, pr\u00e9sident de l\u2019Institut du monde arabe, la mode est un langage universel et ce prix rend hommage \u00e0 une g\u00e9n\u00e9ration de cr\u00e9ateurs qui portent haut les couleurs du monde arabe et en r\u00e9inventent les codes avec talent et audace.\n                            <\/p>\n<p>\n                                Tous droits de reproduction et de repr\u00e9sentation r\u00e9serv\u00e9s.<br \/>\u00a9 2025 FashionNetwork.com\n                            <\/p>\n","protected":false},"excerpt":{"rendered":"Publi\u00e9 le 15 octobre 2025 Le mercredi 8 octobre 2025, l\u2019Institut du monde arabe a r\u00e9v\u00e9l\u00e9 les laur\u00e9ats&hellip;\n","protected":false},"author":2,"featured_media":466082,"comment_status":"","ping_status":"","sticky":false,"template":"","format":"standard","meta":{"footnotes":""},"categories":[1888],"tags":[11,2424,537,2423,1777,674,1011,27,2425,985,12,2298,626,2426,2427,25,2421,2422],"class_list":{"0":"post-466081","1":"post","2":"type-post","3":"status-publish","4":"format-standard","5":"has-post-thumbnail","7":"category-paris","8":"tag-actualites","9":"tag-beaute","10":"tag-contact","11":"tag-cosmetiques","12":"tag-eu","13":"tag-europe","14":"tag-fr","15":"tag-france","16":"tag-luxe","17":"tag-mode","18":"tag-news","19":"tag-parfum","20":"tag-paris","21":"tag-professionnel","22":"tag-professionnels","23":"tag-republique-francaise","24":"tag-reseau","25":"tag-textile"},"share_on_mastodon":{"url":"https:\/\/pubeurope.com\/@fr\/115380848816366696","error":""},"_links":{"self":[{"href":"https:\/\/www.europesays.com\/fr\/wp-json\/wp\/v2\/posts\/466081","targetHints":{"allow":["GET"]}}],"collection":[{"href":"https:\/\/www.europesays.com\/fr\/wp-json\/wp\/v2\/posts"}],"about":[{"href":"https:\/\/www.europesays.com\/fr\/wp-json\/wp\/v2\/types\/post"}],"author":[{"embeddable":true,"href":"https:\/\/www.europesays.com\/fr\/wp-json\/wp\/v2\/users\/2"}],"replies":[{"embeddable":true,"href":"https:\/\/www.europesays.com\/fr\/wp-json\/wp\/v2\/comments?post=466081"}],"version-history":[{"count":0,"href":"https:\/\/www.europesays.com\/fr\/wp-json\/wp\/v2\/posts\/466081\/revisions"}],"wp:featuredmedia":[{"embeddable":true,"href":"https:\/\/www.europesays.com\/fr\/wp-json\/wp\/v2\/media\/466082"}],"wp:attachment":[{"href":"https:\/\/www.europesays.com\/fr\/wp-json\/wp\/v2\/media?parent=466081"}],"wp:term":[{"taxonomy":"category","embeddable":true,"href":"https:\/\/www.europesays.com\/fr\/wp-json\/wp\/v2\/categories?post=466081"},{"taxonomy":"post_tag","embeddable":true,"href":"https:\/\/www.europesays.com\/fr\/wp-json\/wp\/v2\/tags?post=466081"}],"curies":[{"name":"wp","href":"https:\/\/api.w.org\/{rel}","templated":true}]}}