{"id":466086,"date":"2025-10-15T23:50:32","date_gmt":"2025-10-15T23:50:32","guid":{"rendered":"https:\/\/www.europesays.com\/fr\/466086\/"},"modified":"2025-10-15T23:50:32","modified_gmt":"2025-10-15T23:50:32","slug":"des-missiles-tomahawk-pour-lukraine-pourquoi-la-menace-de-donald-trump-alarme-le-kremlin","status":"publish","type":"post","link":"https:\/\/www.europesays.com\/fr\/466086\/","title":{"rendered":"Des missiles Tomahawk pour l&rsquo;Ukraine? Pourquoi la menace de Donald Trump alarme le Kremlin"},"content":{"rendered":"<p>Dimanche 12 octobre, depuis son avion pr\u00e9sidentiel, le flambant neuf Air Force One, Donald Trump a menac\u00e9 de fournir \u00e0 l&rsquo;Ukraine des missiles de croisi\u00e8re <a href=\"https:\/\/www.geo.fr\/geopolitique\/tomahawk-barracuda-quels-sont-les-missiles-que-washington-pourrait-fournir-a-kiev-228895\" target=\"_blank\" rel=\"noopener\">Tomahawk<\/a>, \u00ab\u00a0si cette guerre ne se r\u00e8gle pas\u00a0\u00bb. Le pr\u00e9sident am\u00e9ricain a poursuivi sa strat\u00e9gie d&rsquo;intimidation \u00e0 l&rsquo;\u00e9gard du Kremlin en ajoutant qu&rsquo;il s&rsquo;agissait d&rsquo;une arme \u00ab\u00a0incroyable\u00a0\u00bb. \u00ab\u00a0Honn\u00eatement, la Russie n&rsquo;a pas besoin de \u00e7a\u00a0\u00bb, a-t-il conclu au sujet de ce mod\u00e8le longue port\u00e9e pouvant atteindre les 2 500 kilom\u00e8tres. Son homologue russe Vladimir Poutine a ripost\u00e9 dans la foul\u00e9e, affirmant qu&rsquo;une telle man\u0153uvre amorcerait une \u00ab\u00a0escalade\u00a0\u00bb et \u00ab\u00a0d\u00e9truirait les relations\u00a0\u00bb bilat\u00e9rales avec Washington.<\/p>\n<p>Donald Trump, dont les efforts de m\u00e9diation en Europe de l&rsquo;Est n&rsquo;ont pour l&rsquo;heure donn\u00e9 aucun r\u00e9sultat concret, semble pr\u00eat \u00e0 accro\u00eetre la pression sur Moscou et \u00e0 c\u00e9der les Tomahawk aux hommes de <a href=\"https:\/\/www.geo.fr\/geopolitique\/un-serieux-pas-en-arriere-pourquoi-volodymyr-zelensky-s-est-il-attaque-aux-agences-anticorruption-ukrainiennes-227790\" target=\"_blank\" rel=\"noopener\">Volodymyr Zelensky<\/a>. Le pr\u00e9sident ukrainien, qui les demande depuis plusieurs mois, croit fermement en ces livraisons, assurant en ce sens avoir \u00e9chang\u00e9 \u00ab\u00a0deux fois en deux jours\u00a0\u00bb avec le chef d&rsquo;\u00c9tat am\u00e9ricain concernant le renforcement des capacit\u00e9s militaires de son pays, explique <a href=\"https:\/\/www.newsweek.com\/how-tomahawks-change-war-ukraine-10868801\" target=\"_blank\" rel=\"noopener\">Newsweek<\/a>.<\/p>\n<p>Un nouveau tournant ?<\/p>\n<p>L&rsquo;envoi de ces missiles, compar\u00e9s aux Kalibr russes, marquerait le franchissement d&rsquo;une \u00e9tape sup\u00e9rieure dans le <a href=\"https:\/\/www.geo.fr\/geopolitique\/cooperation-secrete-comment-les-services-americains-guident-les-frappes-ukrainiennes-en-russie-228996\" target=\"_blank\" rel=\"noopener\">soutien militaire<\/a> am\u00e9ricain \u00e0 Kiev. Au point de changer le cours de la guerre ? Plusieurs experts sont convaincus de son \u00ab\u00a0fort impact symbolique\u00a0\u00bb, comme John Foreman, ancien attach\u00e9 de d\u00e9fense britannique \u00e0 Moscou et Kiev.<\/p>\n<p>Selon William Freer, chercheur au Council on Geostrategy, \u00ab\u00a0les efforts de l&rsquo;Ukraine pour frapper des cibles en profondeur sur le territoire russe b\u00e9n\u00e9ficieraient grandement de la possession de missiles Tomahawk\u00a0\u00bb. En outre, leur arriv\u00e9e en Ukraine pourrait pousser <a href=\"https:\/\/www.geo.fr\/geopolitique\/25-en-moins-dans-50-ans-le-chiffre-qui-fait-cauchemarder-vladimir-poutine-et-le-kremlin-228678\" target=\"_blank\" rel=\"noopener\">Vladimir Poutine<\/a> \u00e0 \u00ab\u00a0n\u00e9gocier plus s\u00e9rieusement\u00a0\u00bb, juge-t-il.<\/p>\n<p>Pour Dan Rice, ancien conseiller du commandement ukrainien, la quantit\u00e9 exacte d&rsquo;armes livr\u00e9es devrait toutefois rester secr\u00e8te afin de \u00ab\u00a0dissuader la Russie de poursuivre ses attaques de missiles de croisi\u00e8re\u00a0\u00bb.<\/p>\n<p>\u00ab\u00a0\u00c7a pourrait mal finir pour tout le monde\u00a0\u00bb<\/p>\n<p>\u00c0 Moscou, les r\u00e9actions sont virulentes. <a href=\"https:\/\/www.geo.fr\/geopolitique\/etrange-lien-entre-les-declarations-delirantes-telegram-x-dmitri-medvedev-livraison-de-ses-vins-italiens-fattoria-della-aiola-219210\" target=\"_blank\" rel=\"noopener\">Dmitri Medvedev<\/a>, vice-pr\u00e9sident du Conseil de s\u00e9curit\u00e9 russe, a averti que \u00ab\u00a0la livraison de ces missiles pourrait mal finir pour tout le monde, surtout pour Trump lui-m\u00eame\u00a0\u00bb. L&rsquo;ancien pr\u00e9sident russe, souvent consid\u00e9r\u00e9 comme la voix officieuse de Vladimir Poutine, a d\u00e9j\u00e0 \u00e9chang\u00e9 des piques avec le dirigeant am\u00e9ricain, que ce dernier a qualifi\u00e9 de \u00ab\u00a0personne stupide\u00a0\u00bb.<\/p>\n<p>Malgr\u00e9 un sommet plein de promesses organis\u00e9 en Alaska cet \u00e9t\u00e9, Donald Trump n&rsquo;a pas r\u00e9ussi \u00e0 \u00ab\u00a0mettre fin \u00e0 la guerre en 24 heures\u00a0\u00bb. Les tensions repartent m\u00eame \u00e0 la hausse.<\/p>\n","protected":false},"excerpt":{"rendered":"Dimanche 12 octobre, depuis son avion pr\u00e9sidentiel, le flambant neuf Air Force One, Donald Trump a menac\u00e9 de&hellip;\n","protected":false},"author":2,"featured_media":466087,"comment_status":"","ping_status":"","sticky":false,"template":"","format":"standard","meta":{"footnotes":""},"categories":[1590],"tags":[10714,10715,11,312,75,9929,1777,674,131,12,220],"class_list":{"0":"post-466086","1":"post","2":"type-post","3":"status-publish","4":"format-standard","5":"has-post-thumbnail","7":"category-ukraine","8":"tag-actu-russie","9":"tag-actu-ukraine","10":"tag-actualites","11":"tag-diplomatie","12":"tag-donald-trump","13":"tag-du00e9fense","14":"tag-eu","15":"tag-europe","16":"tag-guerre-en-ukraine","17":"tag-news","18":"tag-ukraine"},"share_on_mastodon":{"url":"https:\/\/pubeurope.com\/@fr\/115380868048974146","error":""},"_links":{"self":[{"href":"https:\/\/www.europesays.com\/fr\/wp-json\/wp\/v2\/posts\/466086","targetHints":{"allow":["GET"]}}],"collection":[{"href":"https:\/\/www.europesays.com\/fr\/wp-json\/wp\/v2\/posts"}],"about":[{"href":"https:\/\/www.europesays.com\/fr\/wp-json\/wp\/v2\/types\/post"}],"author":[{"embeddable":true,"href":"https:\/\/www.europesays.com\/fr\/wp-json\/wp\/v2\/users\/2"}],"replies":[{"embeddable":true,"href":"https:\/\/www.europesays.com\/fr\/wp-json\/wp\/v2\/comments?post=466086"}],"version-history":[{"count":0,"href":"https:\/\/www.europesays.com\/fr\/wp-json\/wp\/v2\/posts\/466086\/revisions"}],"wp:featuredmedia":[{"embeddable":true,"href":"https:\/\/www.europesays.com\/fr\/wp-json\/wp\/v2\/media\/466087"}],"wp:attachment":[{"href":"https:\/\/www.europesays.com\/fr\/wp-json\/wp\/v2\/media?parent=466086"}],"wp:term":[{"taxonomy":"category","embeddable":true,"href":"https:\/\/www.europesays.com\/fr\/wp-json\/wp\/v2\/categories?post=466086"},{"taxonomy":"post_tag","embeddable":true,"href":"https:\/\/www.europesays.com\/fr\/wp-json\/wp\/v2\/tags?post=466086"}],"curies":[{"name":"wp","href":"https:\/\/api.w.org\/{rel}","templated":true}]}}