{"id":466088,"date":"2025-10-15T23:51:16","date_gmt":"2025-10-15T23:51:16","guid":{"rendered":"https:\/\/www.europesays.com\/fr\/466088\/"},"modified":"2025-10-15T23:51:16","modified_gmt":"2025-10-15T23:51:16","slug":"donald-trump-envisage-detendre-les-frappes-americaines-au-sol","status":"publish","type":"post","link":"https:\/\/www.europesays.com\/fr\/466088\/","title":{"rendered":"Donald Trump \u00ab\u00a0envisage\u00a0\u00bb d\u2019\u00e9tendre les frappes am\u00e9ricaines au sol"},"content":{"rendered":"<p>Des frappes terrestres <a href=\"https:\/\/www.20minutes.fr\/monde\/4177095-20251003-venezuela-frappe-americaine-tue-quatre-personnes-bord-bateau-narcotrafiquants-presumes\" class=\"c-link c-link--is-underlined\" target=\"_blank\" rel=\"noopener\">contre les narcotrafiquants v\u00e9n\u00e9zu\u00e9liens<\/a>\u00a0? C\u2019est une option. Apr\u00e8s une s\u00e9rie d\u2019attaques sur des navires au large du Venezuela au cours des derni\u00e8res semaines, <a href=\"https:\/\/www.20minutes.fr\/dossier\/donald_trump\" class=\"c-link c-link--is-underlined\" target=\"_blank\" rel=\"noopener\">Donald Trump<\/a> a d\u00e9clar\u00e9 ce mercredi \u00ab\u00a0envisager\u00a0\u00bb des frappes terrestres contre les cartels.<\/p>\n<p>\u00ab\u00a0Je ne veux pas vous en dire plus, mais nous regardons du c\u00f4t\u00e9 du sol \u00e0 pr\u00e9sent, car nous contr\u00f4lons tr\u00e8s bien la mer\u00a0\u00bb, a indiqu\u00e9 le pr\u00e9sident am\u00e9ricain dans le Bureau ovale, en r\u00e9ponse \u00e0 une question d\u2019un journaliste.<\/p>\n<\/p>\n<p>Des op\u00e9rations maritimes d\u00e9j\u00e0 meurtri\u00e8res<\/p>\n<p>Depuis d\u00e9but septembre, les \u00c9tats-Unis ont men\u00e9 cinq <a href=\"https:\/\/www.20minutes.fr\/monde\/etats-unis\/4173317-20250916-tensions-etats-unis-venezuela-etats-unis-detruisent-nouveau-bateau-narcos-caracas-mobilise-milice\" class=\"c-link c-link--is-underlined\" target=\"_blank\" rel=\"noopener\">frappes maritimes contre des cibles li\u00e9es au narcotrafic<\/a>, dont la derni\u00e8re, aurait tu\u00e9 six personnes selon Donald Trump. Au total, au moins 27 personnes ont \u00e9t\u00e9 tu\u00e9es depuis le lancement de cette campagne militaire, qui suscite de vives tensions entre Washington et Caracas.<\/p>\n<p>La l\u00e9galit\u00e9 de ces frappes, men\u00e9es dans des eaux \u00e9trang\u00e8res ou internationales et visant des individus non captur\u00e9s ni interrog\u00e9s, fait d\u00e9bat parmi les juristes et organisations de d\u00e9fense des droits humains.<\/p>\n<p>\u00ab\u00a0Non aux coups d\u2019\u00c9tat foment\u00e9s par la CIA\u00a0\u00bb<\/p>\n<p>Donald Trump s\u2019est par ailleurs refus\u00e9 \u00e0 confirmer les informations du New York Times selon lesquelles il aurait secr\u00e8tement <a href=\"https:\/\/www.nytimes.com\/2025\/10\/15\/us\/politics\/trump-covert-cia-action-venezuela.html\" rel=\"nofollow noopener\" target=\"_blank\" class=\"c-link c-link--is-underlined\">autoris\u00e9 la CIA \u00e0 conduire des op\u00e9rations au Venezuela<\/a>, notamment contre le gouvernement du pr\u00e9sident Nicol\u00e1s Maduro.<\/p>\n<p>Interrog\u00e9 sur une \u00e9ventuelle autorisation de \u00ab\u00a0neutraliser\u00a0\u00bb le dirigeant v\u00e9n\u00e9zu\u00e9lien, le dirigeant r\u00e9publicain a \u00e9lud\u00e9\u00a0: \u00ab\u00a0C\u2019est une question ridicule qu\u2019on me pose l\u00e0. Ce n\u2019est pas vraiment une question ridicule, mais ne serait-ce pas ridicule de ma part d\u2019y r\u00e9pondre\u00a0?\u00a0\u00bb<\/p>\n<p>Dans un discours mercredi soir, le pr\u00e9sident Maduro a d\u2019ailleurs scand\u00e9\u00a0: \u00ab\u00a0Non aux coups d\u2019\u00c9tat foment\u00e9s par la CIA\u00a0\u00bb.<\/p>\n<p><a href=\"https:\/\/www.20minutes.fr\/monde\/venezuela\/\" class=\"c-link c-btn c-btn--primary\" target=\"_blank\" rel=\"noopener\">Plus d&rsquo;articles sur la crise entre les Etats-Unis et le Venezuela<\/a>Une \u00ab\u00a0menace militaire\u00a0\u00bb<\/p>\n<p><a href=\"https:\/\/www.20minutes.fr\/dossier\/washington\" class=\"c-link c-link--is-underlined\" target=\"_blank\" rel=\"noopener\">Washington<\/a> accuse depuis des ann\u00e9es le pr\u00e9sident <a href=\"https:\/\/www.20minutes.fr\/dossier\/nicolas_maduro\" class=\"c-link c-link--is-underlined\" target=\"_blank\" rel=\"noopener\">Maduro<\/a> et son entourage d\u2019organiser un vaste trafic de drogue vers les \u00c9tats-Unis. D\u00e9but septembre, les \u00c9tats-Unis ont d\u00e9ploy\u00e9 huit navires de guerre et un sous-marin \u00e0 propulsion nucl\u00e9aire au large des c\u00f4tes v\u00e9n\u00e9zu\u00e9liennes, officiellement <a href=\"https:\/\/www.20minutes.fr\/monde\/etats-unis\/4170640-20250901-venezuela-armee-americaine-milices-tensions-diplomatiques-sait-bras-fer-entre-trump-maduro\" class=\"c-link c-link--is-underlined\" target=\"_blank\" rel=\"noopener\">pour \u00ab\u00a0lutter contre le narcotrafic\u00a0\u00bb<\/a>.<\/p>\n<p>Le gouvernement v\u00e9n\u00e9zu\u00e9lien d\u00e9ment vigoureusement et d\u00e9nonce une op\u00e9ration visant \u00e0 \u00ab\u00a0imposer un changement de r\u00e9gime\u00a0\u00bb sous couvert de guerre antidrogue. Caracas est convaincu que les \u00c9tats-Unis en ont apr\u00e8s ses r\u00e9serves de p\u00e9trole. En r\u00e9ponse, le Venezuela a d\u2019ailleurs mobilis\u00e9 ses r\u00e9servistes et lanc\u00e9 des exercices militaires pour parer ce qu\u2019elle d\u00e9crit comme une \u00ab\u00a0menace militaire directe\u00a0\u00bb.<\/p>\n","protected":false},"excerpt":{"rendered":"Des frappes terrestres contre les narcotrafiquants v\u00e9n\u00e9zu\u00e9liens\u00a0? C\u2019est une option. Apr\u00e8s une s\u00e9rie d\u2019attaques sur des navires au&hellip;\n","protected":false},"author":2,"featured_media":466089,"comment_status":"","ping_status":"","sticky":false,"template":"","format":"standard","meta":{"footnotes":""},"categories":[1589],"tags":[47,11,75,73,1866,74,12,338,1864,1865,1863,308,337],"class_list":{"0":"post-466088","1":"post","2":"type-post","3":"status-publish","4":"format-standard","5":"has-post-thumbnail","7":"category-etats-unis","8":"tag-actualite","9":"tag-actualites","10":"tag-donald-trump","11":"tag-etats-unis","12":"tag-etats-unis-damerique","13":"tag-monde","14":"tag-news","15":"tag-nicolas-maduro","16":"tag-united-states","17":"tag-united-states-of-america","18":"tag-us","19":"tag-usa","20":"tag-venezuela"},"share_on_mastodon":{"url":"https:\/\/pubeurope.com\/@fr\/115380871758066735","error":""},"_links":{"self":[{"href":"https:\/\/www.europesays.com\/fr\/wp-json\/wp\/v2\/posts\/466088","targetHints":{"allow":["GET"]}}],"collection":[{"href":"https:\/\/www.europesays.com\/fr\/wp-json\/wp\/v2\/posts"}],"about":[{"href":"https:\/\/www.europesays.com\/fr\/wp-json\/wp\/v2\/types\/post"}],"author":[{"embeddable":true,"href":"https:\/\/www.europesays.com\/fr\/wp-json\/wp\/v2\/users\/2"}],"replies":[{"embeddable":true,"href":"https:\/\/www.europesays.com\/fr\/wp-json\/wp\/v2\/comments?post=466088"}],"version-history":[{"count":0,"href":"https:\/\/www.europesays.com\/fr\/wp-json\/wp\/v2\/posts\/466088\/revisions"}],"wp:featuredmedia":[{"embeddable":true,"href":"https:\/\/www.europesays.com\/fr\/wp-json\/wp\/v2\/media\/466089"}],"wp:attachment":[{"href":"https:\/\/www.europesays.com\/fr\/wp-json\/wp\/v2\/media?parent=466088"}],"wp:term":[{"taxonomy":"category","embeddable":true,"href":"https:\/\/www.europesays.com\/fr\/wp-json\/wp\/v2\/categories?post=466088"},{"taxonomy":"post_tag","embeddable":true,"href":"https:\/\/www.europesays.com\/fr\/wp-json\/wp\/v2\/tags?post=466088"}],"curies":[{"name":"wp","href":"https:\/\/api.w.org\/{rel}","templated":true}]}}