{"id":466100,"date":"2025-10-15T23:57:23","date_gmt":"2025-10-15T23:57:23","guid":{"rendered":"https:\/\/www.europesays.com\/fr\/466100\/"},"modified":"2025-10-15T23:57:23","modified_gmt":"2025-10-15T23:57:23","slug":"a-gaza-le-hamas-profite-du-cessez-le-feu-pour-mener-une-violente-campagne-de-purification-contre-des-clans-rivaux-liberation","status":"publish","type":"post","link":"https:\/\/www.europesays.com\/fr\/466100\/","title":{"rendered":"A Gaza, le Hamas profite du cessez-le-feu pour mener une violente campagne de \u00abpurification\u00bb contre des clans rivaux \u2013 Lib\u00e9ration"},"content":{"rendered":"<p class=\"sc-cPiKLX AiZTS text-element\"><a href=\"https:\/\/www.liberation.fr\/international\/moyen-orient\/accord-sur-un-cessez-le-feu-a-gaza-pour-la-france-un-espoir-immense-qui-appelle-a-des-progres-pour-une-paix-durable-20251009_4U6DCZXOKNC57GADWB5TZRYK7E\/\" target=\"_blank\" rel=\"noreferrer noopener\" title=\"https:\/\/www.liberation.fr\/international\/moyen-orient\/accord-sur-un-cessez-le-feu-a-gaza-pour-la-france-un-espoir-immense-qui-appelle-a-des-progres-pour-une-paix-durable-20251009_4U6DCZXOKNC57GADWB5TZRYK7E\/\">Malgr\u00e9 le cessez-le-feu<\/a>, conclu le 9 octobre entre Isra\u00ebl et <a href=\"https:\/\/www.liberation.fr\/tags\/hamas\/\" target=\"_blank\" rel=\"noreferrer noopener\" title=\"https:\/\/www.liberation.fr\/tags\/hamas\/\">le Hamas<\/a>, une autre <a href=\"https:\/\/www.liberation.fr\/dossier\/gaza-l-escalade\/\" target=\"_blank\" rel=\"noreferrer noopener\" title=\"https:\/\/www.liberation.fr\/dossier\/gaza-l-escalade\/\">guerre se poursuit \u00e0 Gaza<\/a>. Profitant de cette premi\u00e8re phrase de l\u2019accord de paix et du retrait partiel des troupes isra\u00e9liennes, le mouvement islamiste a d\u00e9clench\u00e9 une campagne de \u00abpurification\u00bb contre des clans et groupes arm\u00e9s s\u2019opposant \u00e0 son autorit\u00e9, et dont certains sont soutenus par l\u2019Etat h\u00e9breu. Si ces heurts et affrontements ne sont pas nouveaux, ils ont pris, du fait du retrait de Tsahal d\u2019une partie de l\u2019enclave, une ampleur nouvelle. <\/p>\n<p class=\"sc-cPiKLX AiZTS text-element\">Sur les r\u00e9seaux sociaux, des images de ces r\u00e8glements de compte ont \u00e9t\u00e9 massivement relay\u00e9es par des internautes ces derniers jours, soit pour d\u00e9noncer la brutalit\u00e9 du Hamas contre la population palestinie <\/p>\n","protected":false},"excerpt":{"rendered":"Malgr\u00e9 le cessez-le-feu, conclu le 9 octobre entre Isra\u00ebl et le Hamas, une autre guerre se poursuit \u00e0&hellip;\n","protected":false},"author":2,"featured_media":466101,"comment_status":"","ping_status":"","sticky":false,"template":"","format":"standard","meta":{"footnotes":""},"categories":[2],"tags":[11,1011,27,3517,3522,3519,664,3523,12,25],"class_list":{"0":"post-466100","1":"post","2":"type-post","3":"status-publish","4":"format-standard","5":"has-post-thumbnail","7":"category-actualites","8":"tag-actualites","9":"tag-fr","10":"tag-france","11":"tag-gaza-l-escalade","12":"tag-guerre-hamas-israel","13":"tag-hamas","14":"tag-israel","15":"tag-israel-palestine-conflit","16":"tag-news","17":"tag-republique-francaise"},"share_on_mastodon":{"url":"https:\/\/pubeurope.com\/@fr\/115380895383598795","error":""},"_links":{"self":[{"href":"https:\/\/www.europesays.com\/fr\/wp-json\/wp\/v2\/posts\/466100","targetHints":{"allow":["GET"]}}],"collection":[{"href":"https:\/\/www.europesays.com\/fr\/wp-json\/wp\/v2\/posts"}],"about":[{"href":"https:\/\/www.europesays.com\/fr\/wp-json\/wp\/v2\/types\/post"}],"author":[{"embeddable":true,"href":"https:\/\/www.europesays.com\/fr\/wp-json\/wp\/v2\/users\/2"}],"replies":[{"embeddable":true,"href":"https:\/\/www.europesays.com\/fr\/wp-json\/wp\/v2\/comments?post=466100"}],"version-history":[{"count":0,"href":"https:\/\/www.europesays.com\/fr\/wp-json\/wp\/v2\/posts\/466100\/revisions"}],"wp:featuredmedia":[{"embeddable":true,"href":"https:\/\/www.europesays.com\/fr\/wp-json\/wp\/v2\/media\/466101"}],"wp:attachment":[{"href":"https:\/\/www.europesays.com\/fr\/wp-json\/wp\/v2\/media?parent=466100"}],"wp:term":[{"taxonomy":"category","embeddable":true,"href":"https:\/\/www.europesays.com\/fr\/wp-json\/wp\/v2\/categories?post=466100"},{"taxonomy":"post_tag","embeddable":true,"href":"https:\/\/www.europesays.com\/fr\/wp-json\/wp\/v2\/tags?post=466100"}],"curies":[{"name":"wp","href":"https:\/\/api.w.org\/{rel}","templated":true}]}}