{"id":466104,"date":"2025-10-16T00:01:12","date_gmt":"2025-10-16T00:01:12","guid":{"rendered":"https:\/\/www.europesays.com\/fr\/466104\/"},"modified":"2025-10-16T00:01:12","modified_gmt":"2025-10-16T00:01:12","slug":"lex-rugbyman-serge-blanco-se-donne-un-nouveau-defi","status":"publish","type":"post","link":"https:\/\/www.europesays.com\/fr\/466104\/","title":{"rendered":"l\u2019ex-rugbyman Serge Blanco se donne un nouveau d\u00e9fi"},"content":{"rendered":"<p>\u00ab C\u2019est comme un vieux serpent de mer, tant et tant de Biarrots l\u2019ayant pens\u00e9 ou l\u2019ayant r\u00eav\u00e9. Mais d\u00e8s qu\u2019on parlait [de la mairie] \u00e0 Serge Blanco, il vous faisait son plus beau sourire\u2026 \u00bb, \u00e9crivait mi-mai le chroniqueur de <a href=\"https:\/\/www.lspb.fr\/serge-blanco-candidat-a-la-mairie-de-biarritz\/\" target=\"_blank\" rel=\"noopener\">La Semaine du Pays basque<\/a>. Depuis des mois d\u00e9j\u00e0, la rumeur enfle. D\u00e9but novembre, l\u2019ex-rugbyman devrait, selon nos informations, annoncer sa candidature lors d\u2019une conf\u00e9rence de presse, d\u00e9cal\u00e9e en raison de l\u2019actualit\u00e9 nationale.<\/p>\n<p>\u00ab Cela fait deux ans qu\u2019un groupe de r\u00e9flexion pluriel, compos\u00e9 de Biarrots issus de la soci\u00e9t\u00e9 civile, mais aussi d\u2019acteurs de la vie publique de diff\u00e9rentes sensibilit\u00e9s, travaille sur des <a href=\"https:\/\/objectifaquitaine.latribune.fr\/business\/2023-03-07\/au-pays-basque-la-reglementation-anti-airbnb-validee-par-la-justice-954366.html\" target=\"_blank\" rel=\"noopener\">probl\u00e9matiques locales<\/a>. Le point d\u2019achoppement, c\u2019est le projet Aguilera, rejet\u00e9 par une large partie de la population, et qui symbolise une ville devenue hors sol, d\u00e9connect\u00e9e de ses habitants \u00bb, explique un membre de ce collectif, qui souhaite rester anonyme.<\/p>\n","protected":false},"excerpt":{"rendered":"\u00ab C\u2019est comme un vieux serpent de mer, tant et tant de Biarrots l\u2019ayant pens\u00e9 ou l\u2019ayant r\u00eav\u00e9.&hellip;\n","protected":false},"author":2,"featured_media":466105,"comment_status":"","ping_status":"","sticky":false,"template":"","format":"standard","meta":{"footnotes":""},"categories":[1416],"tags":[17,3463,58988,7687,1011,27,58986,3102,3554,4565,479,1468,58987,60],"class_list":{"0":"post-466104","1":"post","2":"type-post","3":"status-publish","4":"format-standard","5":"has-post-thumbnail","7":"category-rugby","8":"tag-17","9":"tag-biarritz","10":"tag-blanco","11":"tag-donne","12":"tag-fr","13":"tag-france","14":"tag-lex-rugbyman","15":"tag-la-tribune-dimanche","16":"tag-municipales","17":"tag-nouveau","18":"tag-rugby","19":"tag-rugby-football","20":"tag-serge","21":"tag-sports"},"share_on_mastodon":{"url":"https:\/\/pubeurope.com\/@fr\/115380911120880648","error":""},"_links":{"self":[{"href":"https:\/\/www.europesays.com\/fr\/wp-json\/wp\/v2\/posts\/466104","targetHints":{"allow":["GET"]}}],"collection":[{"href":"https:\/\/www.europesays.com\/fr\/wp-json\/wp\/v2\/posts"}],"about":[{"href":"https:\/\/www.europesays.com\/fr\/wp-json\/wp\/v2\/types\/post"}],"author":[{"embeddable":true,"href":"https:\/\/www.europesays.com\/fr\/wp-json\/wp\/v2\/users\/2"}],"replies":[{"embeddable":true,"href":"https:\/\/www.europesays.com\/fr\/wp-json\/wp\/v2\/comments?post=466104"}],"version-history":[{"count":0,"href":"https:\/\/www.europesays.com\/fr\/wp-json\/wp\/v2\/posts\/466104\/revisions"}],"wp:featuredmedia":[{"embeddable":true,"href":"https:\/\/www.europesays.com\/fr\/wp-json\/wp\/v2\/media\/466105"}],"wp:attachment":[{"href":"https:\/\/www.europesays.com\/fr\/wp-json\/wp\/v2\/media?parent=466104"}],"wp:term":[{"taxonomy":"category","embeddable":true,"href":"https:\/\/www.europesays.com\/fr\/wp-json\/wp\/v2\/categories?post=466104"},{"taxonomy":"post_tag","embeddable":true,"href":"https:\/\/www.europesays.com\/fr\/wp-json\/wp\/v2\/tags?post=466104"}],"curies":[{"name":"wp","href":"https:\/\/api.w.org\/{rel}","templated":true}]}}