{"id":466106,"date":"2025-10-16T00:02:13","date_gmt":"2025-10-16T00:02:13","guid":{"rendered":"https:\/\/www.europesays.com\/fr\/466106\/"},"modified":"2025-10-16T00:02:13","modified_gmt":"2025-10-16T00:02:13","slug":"atp-kyrgios-daccord-avec-medvedev-sur-nadal-personne-ne-lui-disait-rien-peut-il-faire-tout-ce-quil-veut","status":"publish","type":"post","link":"https:\/\/www.europesays.com\/fr\/466106\/","title":{"rendered":"ATP > Kyrgios d&rsquo;accord avec Medvedev sur Nadal : \u00ab\u00a0Personne ne lui disait rien. Peut-il faire tout ce qu&rsquo;il veut ?\u00a0\u00bb"},"content":{"rendered":"<p>\u00ab\u202fToute ma vie, quand je jouais contre Nadal, je devais attendre 55 secondes avant qu\u2019il serve, et tu ne lui donnais jamais d\u2019avertissement. Aujourd\u2019hui, d\u00e8s la moindre occa\u00adsion, tu m\u2019en donnes un\u202f\u00bb, <a href=\"https:\/\/www.welovetennis.fr\/atp\/atp-shanghai\/medvedev-sarrache-et-enrage-contre-larbitre-toute-ma-vie-quand-je-jouais-contre-nadal-je-devais-attendre-55-secondes-avant-de-servir-et-tu-ne-lui-donnais-jamais-davertissement-auj\" data-wpel-link=\"internal\" target=\"_blank\" rel=\"noopener\">a lanc\u00e9 Daniil Medvedev \u00e0 l\u2019ar\u00adbitre Mohamed Lahyani en huiti\u00e8mes de finale du Masters 1000 de Shanghai le 8 octobre dernier<\/a>.<\/p>\n<p>De passage dans le podcast \u00ab\u202fUnscripted\u202f\u00bb, dont les propos sont relay\u00e9s par <a href=\"https:\/\/www.sportskeeda.com\/tennis\/news-we-like-other-nick-kyrgios-reveals-feels-rafael-nadal-echoes-daniil-medvedev-s-complaints-spaniard\" data-wpel-link=\"external\" target=\"_blank\" rel=\"nofollow external noopener\">Sportskeeda<\/a>, Nick Kyrgios est all\u00e9 dans le sens du joueur russe.\u00a0<\/p>\n<p><strong>\u00ab\u202fVous avez un chro\u00adno\u00adm\u00e8tre pour servir entre les points, n\u2019est\u2010ce pas\u202f? Il est de 25 secondes. Rafa \u00e9tait connu pour faire tra\u00eener les choses. Il lui est arriv\u00e9 de prendre une minute et demie pour commencer un point et personne ne disait rien. Mais d\u00e8s que \u00e7a fait 26 secondes pour nous, ils disent\u00a0: \u2018viola\u00adtion du code, perte du service\u2019, et je me dis\u00a0: \u2018mon fr\u00e8re, y a\u2011t\u2010il une marge d\u2019ap\u00adpr\u00e9\u00adcia\u00adtion ici ou est\u2010ce que Rafa peut faire tout ce qu\u2019il\u00a0veut\u00a0?\u2019\u00a0\u00bb<\/strong><\/p>\n<p class=\"post-published-date\" style=\"color: silver; font-size: 75%; text-align: left;\">Publi\u00e9 le mercredi 15 octobre 2025 \u00e0 18:16<\/p>\n","protected":false},"excerpt":{"rendered":"\u00ab\u202fToute ma vie, quand je jouais contre Nadal, je devais attendre 55 secondes avant qu\u2019il serve, et tu&hellip;\n","protected":false},"author":2,"featured_media":22094,"comment_status":"","ping_status":"","sticky":false,"template":"","format":"standard","meta":{"footnotes":""},"categories":[1415],"tags":[3252,1011,27,4874,1960,60,1467],"class_list":{"0":"post-466106","1":"post","2":"type-post","3":"status-publish","4":"format-standard","5":"has-post-thumbnail","7":"category-tennis","8":"tag-daniil-medvedev","9":"tag-fr","10":"tag-france","11":"tag-kyrgios","12":"tag-nadal","13":"tag-sports","14":"tag-tennis"},"share_on_mastodon":{"url":"https:\/\/pubeurope.com\/@fr\/115380914931560426","error":""},"_links":{"self":[{"href":"https:\/\/www.europesays.com\/fr\/wp-json\/wp\/v2\/posts\/466106","targetHints":{"allow":["GET"]}}],"collection":[{"href":"https:\/\/www.europesays.com\/fr\/wp-json\/wp\/v2\/posts"}],"about":[{"href":"https:\/\/www.europesays.com\/fr\/wp-json\/wp\/v2\/types\/post"}],"author":[{"embeddable":true,"href":"https:\/\/www.europesays.com\/fr\/wp-json\/wp\/v2\/users\/2"}],"replies":[{"embeddable":true,"href":"https:\/\/www.europesays.com\/fr\/wp-json\/wp\/v2\/comments?post=466106"}],"version-history":[{"count":0,"href":"https:\/\/www.europesays.com\/fr\/wp-json\/wp\/v2\/posts\/466106\/revisions"}],"wp:featuredmedia":[{"embeddable":true,"href":"https:\/\/www.europesays.com\/fr\/wp-json\/wp\/v2\/media\/22094"}],"wp:attachment":[{"href":"https:\/\/www.europesays.com\/fr\/wp-json\/wp\/v2\/media?parent=466106"}],"wp:term":[{"taxonomy":"category","embeddable":true,"href":"https:\/\/www.europesays.com\/fr\/wp-json\/wp\/v2\/categories?post=466106"},{"taxonomy":"post_tag","embeddable":true,"href":"https:\/\/www.europesays.com\/fr\/wp-json\/wp\/v2\/tags?post=466106"}],"curies":[{"name":"wp","href":"https:\/\/api.w.org\/{rel}","templated":true}]}}