{"id":466107,"date":"2025-10-16T00:04:24","date_gmt":"2025-10-16T00:04:24","guid":{"rendered":"https:\/\/www.europesays.com\/fr\/466107\/"},"modified":"2025-10-16T00:04:24","modified_gmt":"2025-10-16T00:04:24","slug":"moto-gp-le-champion-du-monde-marc-marquez-opere-de-lepaule-droite","status":"publish","type":"post","link":"https:\/\/www.europesays.com\/fr\/466107\/","title":{"rendered":"Moto GP &#8211; Le champion du monde Marc Marquez op\u00e9r\u00e9 de l&rsquo;\u00e9paule droite"},"content":{"rendered":"<p><img decoding=\"async\" class=\"w-full object-contain\" style=\"aspect-ratio:149 \/ 100;opacity:1\" alt=\"Moto GP - Le champion du monde Marc Marquez op\u00e9r\u00e9 de l'\u00e9paule droite\" width=\"512\" height=\"344\" fetchpriority=\"high\" src=\"https:\/\/www.europesays.com\/fr\/wp-content\/uploads\/2025\/10\/54WSCRY7HJE2XPLZS6IXCW2Q7Q.jpg\"  \/><\/p>\n<p class=\"ap-StoryElement ap-StoryElement--mb ap-StoryText\">\u00ab\u00a0Apr\u00e8s un nouvel examen \u00e0 la suite de sa blessure \u00e0 l&rsquo;\u00e9paule droite, Marc Marquez a subi une intervention chirurgicale qui s&rsquo;est bien d\u00e9roul\u00e9e au Ruber Internacional Hospital de Madrid\u00a0\u00bb, a \u00e9crit l&rsquo;\u00e9curie italienne dans un communiqu\u00e9. \u00ab\u00a0Marc Marquez, qui a d\u00e9j\u00e0 regagn\u00e9 son domicile, y poursuivra sa convalescence et ses progr\u00e8s d\u00e9termineront la date de son retour en comp\u00e9tition\u00a0\u00bb.<\/p>\n<p class=\"ap-StoryElement ap-StoryElement--mb ap-StoryText\">Marquez, 32 ans, s&rsquo;est bless\u00e9 le 5 octobre en chutant d\u00e8s le premier tour du Grand Prix d&rsquo;Indon\u00e9sie apr\u00e8s avoir \u00e9t\u00e9 d\u00e9s\u00e9quilibr\u00e9 par l&rsquo;Italien Marco Bezzecchi (Aprilia).<\/p>\n","protected":false},"excerpt":{"rendered":"\u00ab\u00a0Apr\u00e8s un nouvel examen \u00e0 la suite de sa blessure \u00e0 l&rsquo;\u00e9paule droite, Marc Marquez a subi une&hellip;\n","protected":false},"author":2,"featured_media":2837,"comment_status":"","ping_status":"","sticky":false,"template":"","format":"standard","meta":{"footnotes":""},"categories":[1413],"tags":[123,1011,27,452,1457,1456,35295,1458,60],"class_list":{"0":"post-466107","1":"post","2":"type-post","3":"status-publish","4":"format-standard","5":"has-post-thumbnail","7":"category-moto","8":"tag-espagne","9":"tag-fr","10":"tag-france","11":"tag-italie","12":"tag-moto","13":"tag-motocycle","14":"tag-motocyclisme","15":"tag-motogp","16":"tag-sports"},"share_on_mastodon":{"url":"https:\/\/pubeurope.com\/@fr\/115380923744694758","error":""},"_links":{"self":[{"href":"https:\/\/www.europesays.com\/fr\/wp-json\/wp\/v2\/posts\/466107","targetHints":{"allow":["GET"]}}],"collection":[{"href":"https:\/\/www.europesays.com\/fr\/wp-json\/wp\/v2\/posts"}],"about":[{"href":"https:\/\/www.europesays.com\/fr\/wp-json\/wp\/v2\/types\/post"}],"author":[{"embeddable":true,"href":"https:\/\/www.europesays.com\/fr\/wp-json\/wp\/v2\/users\/2"}],"replies":[{"embeddable":true,"href":"https:\/\/www.europesays.com\/fr\/wp-json\/wp\/v2\/comments?post=466107"}],"version-history":[{"count":0,"href":"https:\/\/www.europesays.com\/fr\/wp-json\/wp\/v2\/posts\/466107\/revisions"}],"wp:featuredmedia":[{"embeddable":true,"href":"https:\/\/www.europesays.com\/fr\/wp-json\/wp\/v2\/media\/2837"}],"wp:attachment":[{"href":"https:\/\/www.europesays.com\/fr\/wp-json\/wp\/v2\/media?parent=466107"}],"wp:term":[{"taxonomy":"category","embeddable":true,"href":"https:\/\/www.europesays.com\/fr\/wp-json\/wp\/v2\/categories?post=466107"},{"taxonomy":"post_tag","embeddable":true,"href":"https:\/\/www.europesays.com\/fr\/wp-json\/wp\/v2\/tags?post=466107"}],"curies":[{"name":"wp","href":"https:\/\/api.w.org\/{rel}","templated":true}]}}