{"id":466108,"date":"2025-10-16T00:05:15","date_gmt":"2025-10-16T00:05:15","guid":{"rendered":"https:\/\/www.europesays.com\/fr\/466108\/"},"modified":"2025-10-16T00:05:15","modified_gmt":"2025-10-16T00:05:15","slug":"brown-repond-aux-allegations-ridicules-de-palou-concernant-piastri","status":"publish","type":"post","link":"https:\/\/www.europesays.com\/fr\/466108\/","title":{"rendered":"Brown r\u00e9pond aux \u00ab\u00a0all\u00e9gations ridicules\u00a0\u00bb de Palou concernant Piastri"},"content":{"rendered":"<p>Le PDG de <a href=\"https:\/\/fr.motorsport.com\/team\/mclaren\/609\/\" target=\"_blank\" rel=\"noopener\">McLaren<\/a> Racing a balay\u00e9 <a href=\"https:\/\/fr.motorsport.com\/f1\/news\/palou-revele-justice-piastri-pas-choix-brown\/10766557\/\" target=\"_self\" rel=\"noopener\">les propos du champion IndyCar<\/a>, <a href=\"https:\/\/fr.motorsport.com\/driver\/alex-palou\/96610\/\" target=\"_blank\" rel=\"noopener\">\u00c1lex Palou<\/a>, selon qui il n&rsquo;aurait pas eu son mot \u00e0 dire sur l&rsquo;arriv\u00e9e d&rsquo;<a href=\"https:\/\/fr.motorsport.com\/driver\/oscar-piastri\/835356\/\" target=\"_blank\" rel=\"noopener\">Oscar Piastri<\/a> en Formule\u00a01 pour la saison 2023.\u00a0Lors d&rsquo;une audience devant la Haute Cour de Londres, l&rsquo;Espagnol a affirm\u00e9 que Zak Brown lui avait dit que l&rsquo;ancien directeur de l&rsquo;\u00e9curie, Andreas Seidl, avait d\u00e9cid\u00e9 seul, il y a trois ans, d&rsquo;enr\u00f4ler Oscar Piastri, champion de F2 en 2021, \u00e0 la place de <a href=\"https:\/\/fr.motorsport.com\/driver\/daniel-ricciardo\/84941\/\" target=\"_blank\" rel=\"noopener\">Daniel Ricciardo<\/a>.<\/p>\n<p>Ces d\u00e9clarations ont \u00e9t\u00e9 per\u00e7ues par certains comme un sous-entendu selon lequel Zak Brown aurait eu des r\u00e9serves sur le recrutement de l&rsquo;ancien pilote junior d&rsquo;<a href=\"https:\/\/fr.motorsport.com\/team\/alpine\/37490\/\" target=\"_blank\" rel=\"noopener\">Alpine<\/a>, sur fond de d\u00e9bat persistant quant \u00e0 un \u00e9ventuel traitement in\u00e9gal entre l&rsquo;Australien et son co\u00e9quipier <a href=\"https:\/\/fr.motorsport.com\/driver\/lando-norris\/289708\/\" target=\"_blank\" rel=\"noopener\">Lando Norris<\/a> dans l&rsquo;actuelle lutte pour le titre.<\/p>\n<p>\u00ab\u00a0Je suis all\u00e9 d\u00eener avec Zak pr\u00e8s du MTC [McLaren Technology Centre]\u00a0\u00bb, a d\u00e9clar\u00e9 \u00c1lex Palou. \u00ab\u00a0Zak m&rsquo;a dit que ce n&rsquo;\u00e9tait pas lui qui avait pris la d\u00e9cision d&rsquo;engager Oscar. Il m&rsquo;a dit que c&rsquo;\u00e9tait la d\u00e9cision du directeur de l&rsquo;\u00e9quipe [de l&rsquo;\u00e9poque], Andreas Seidl.\u00a0Zak m&rsquo;a dit que les performances de Piastri seraient \u00e9valu\u00e9es par rapport aux miennes pour 2024. Zak a d\u00e9clar\u00e9 que, de son point de vue, mes chances d&rsquo;obtenir un baquet en F1 n&rsquo;\u00e9taient pas affect\u00e9es par Oscar.\u00a0\u00bb<\/p>\n<p>Zak Brown a r\u00e9agi pour la premi\u00e8re fois \u00e0 ces propos, qualifiant de \u00ab\u00a0ridicules\u00a0\u00bb les insinuations selon lesquelles il n&rsquo;aurait pas particip\u00e9 aux d\u00e9cisions importantes concernant les pilotes.<\/p>\n<p>\u00ab\u00a0Je ne sais pas quelle accusation m&rsquo;a le plus amus\u00e9 : l&rsquo;id\u00e9e que je ne serais pas impliqu\u00e9 dans une d\u00e9cision aussi cruciale que notre duo de pilotes, ou celle selon laquelle je n&rsquo;\u00e9tais pas favorable \u00e0 la signature du tr\u00e8s talentueux Oscar Piastri\u00a0\u00bb, a-t-il d\u00e9clar\u00e9 \u00e0 l&rsquo;agence <a href=\"https:\/\/www.reuters.com\/sports\/formula1\/mclarens-brown-rejects-palous-piastri-claim-ludicrous-2025-10-14\/\" target=\"_blank\" rel=\"noopener\">Reuters<\/a>. \u00ab\u00a0Les deux all\u00e9gations sont clairement ridicules, et toute personne qui suit notre sport s&rsquo;en rendra compte imm\u00e9diatement.\u00a0\u00bb<\/p>\n<p>   <img decoding=\"async\" draggable=\"false\" src=\"https:\/\/www.europesays.com\/fr\/wp-content\/uploads\/2025\/10\/alex-palou-chip-ganassi-racing.jpg\" alt=\"\u00c1lex Palou.\" width=\"1200\" height=\"800\" loading=\"lazy\"\/> <\/p>\n<p class=\"title\">\u00c1lex Palou.<\/p>\n<p class=\"photographer\">Photo de: Penske Entertainment<\/p>\n<p>Zak Brown a \u00e9galement r\u00e9v\u00e9l\u00e9 qu&rsquo;Oscar Piastri \u00ab\u00a0avait rigol\u00e9\u00a0\u00bb en d\u00e9couvrant les propos d&rsquo;\u00c1lex Palou, lorsqu&rsquo;ils se sont crois\u00e9s apr\u00e8s le Grand Prix de Singapour la semaine derni\u00e8re.<\/p>\n<p>\u00ab\u00a0Nous avons, avec Oscar et Lando, le meilleur duo de pilotes de la grille F1\u00a0\u00bb, a-t-il ajout\u00e9. \u00ab\u00a0Je ne pourrais pas \u00eatre plus ravi de leurs performances incroyables et de leur esprit sportif.\u00a0Je suis enthousiaste \u00e0 l&rsquo;id\u00e9e des Grands Prix formidables qui nous attendent d&rsquo;ici la fin de saison.\u00a0\u00bb<\/p>\n<p>McLaren poursuit actuellement \u00c1lex Palou en justice avec en jeu environ 20 millions de dollars, apr\u00e8s que ce dernier a rompu son contrat IndyCar pour rester chez Chip Ganassi Racing en 2024.<\/p>\n<p>\u00c1lex Palou a reconnu avoir rompu l&rsquo;accord, affirmant avoir perdu confiance dans la capacit\u00e9 de McLaren \u00e0 lui offrir une r\u00e9elle opportunit\u00e9 en Formule\u00a01, mais conteste le montant r\u00e9clam\u00e9 par l&rsquo;\u00e9curie de Woking. Par ailleurs, le pilote de 28 ans a affirm\u00e9 que Zak Brown lui avait propos\u00e9 de l&rsquo;aider \u00e0 trouver un volant en F1, ce que l&rsquo;Am\u00e9ricain a ni\u00e9, affirmant n&rsquo;avoir fait aucune promesse.<\/p>\n<p>Lire aussi :<\/p>\n<p>            Votre avis nous int\u00e9resse !<\/p>\n<p class=\"mt-auto\">Qu&rsquo;aimeriez-vous voir sur Motorsport.com ?<\/p>\n<p>            <a href=\"#\" class=\"ms-link text-link font-bold\">R\u00e9pondez \u00e0 notre enqu\u00eate de 5 minutes.<\/a><\/p>\n<p class=\"mt-1 font-info text-body\">&#8211; L&rsquo;\u00e9quipe Motorsport.com<\/p>\n","protected":false},"excerpt":{"rendered":"Le PDG de McLaren Racing a balay\u00e9 les propos du champion IndyCar, \u00c1lex Palou, selon qui il n&rsquo;aurait&hellip;\n","protected":false},"author":2,"featured_media":466109,"comment_status":"","ping_status":"","sticky":false,"template":"","format":"standard","meta":{"footnotes":""},"categories":[1412],"tags":[58989,1451,1452,1453,1454,1455,1011,27,4475,2241,60,58990],"class_list":{"0":"post-466108","1":"post","2":"type-post","3":"status-publish","4":"format-standard","5":"has-post-thumbnail","7":"category-f1","8":"tag-brown-ru00e9pond-aux-allu00e9gations-ridicules-de-palou-concernant-piastri","9":"tag-f1","10":"tag-formula-1","11":"tag-formula1","12":"tag-formule-1","13":"tag-formule1","14":"tag-fr","15":"tag-france","16":"tag-mclaren","17":"tag-oscar-piastri","18":"tag-sports","19":"tag-u00c1lex-palou"},"share_on_mastodon":{"url":"https:\/\/pubeurope.com\/@fr\/115380927383559295","error":""},"_links":{"self":[{"href":"https:\/\/www.europesays.com\/fr\/wp-json\/wp\/v2\/posts\/466108","targetHints":{"allow":["GET"]}}],"collection":[{"href":"https:\/\/www.europesays.com\/fr\/wp-json\/wp\/v2\/posts"}],"about":[{"href":"https:\/\/www.europesays.com\/fr\/wp-json\/wp\/v2\/types\/post"}],"author":[{"embeddable":true,"href":"https:\/\/www.europesays.com\/fr\/wp-json\/wp\/v2\/users\/2"}],"replies":[{"embeddable":true,"href":"https:\/\/www.europesays.com\/fr\/wp-json\/wp\/v2\/comments?post=466108"}],"version-history":[{"count":0,"href":"https:\/\/www.europesays.com\/fr\/wp-json\/wp\/v2\/posts\/466108\/revisions"}],"wp:featuredmedia":[{"embeddable":true,"href":"https:\/\/www.europesays.com\/fr\/wp-json\/wp\/v2\/media\/466109"}],"wp:attachment":[{"href":"https:\/\/www.europesays.com\/fr\/wp-json\/wp\/v2\/media?parent=466108"}],"wp:term":[{"taxonomy":"category","embeddable":true,"href":"https:\/\/www.europesays.com\/fr\/wp-json\/wp\/v2\/categories?post=466108"},{"taxonomy":"post_tag","embeddable":true,"href":"https:\/\/www.europesays.com\/fr\/wp-json\/wp\/v2\/tags?post=466108"}],"curies":[{"name":"wp","href":"https:\/\/api.w.org\/{rel}","templated":true}]}}