{"id":466113,"date":"2025-10-16T00:08:12","date_gmt":"2025-10-16T00:08:12","guid":{"rendered":"https:\/\/www.europesays.com\/fr\/466113\/"},"modified":"2025-10-16T00:08:12","modified_gmt":"2025-10-16T00:08:12","slug":"lactrice-carole-bouquet-sevanouit-sur-scene-a-paris-la-metteuse-en-scene-prend-sa-place-2","status":"publish","type":"post","link":"https:\/\/www.europesays.com\/fr\/466113\/","title":{"rendered":"L\u2019actrice Carole Bouquet s\u2019\u00e9vanouit sur sc\u00e8ne \u00e0 Paris, la metteuse en sc\u00e8ne prend sa place"},"content":{"rendered":"<p>        <img decoding=\"async\" loading=\"lazy\" src=\"https:\/\/www.europesays.com\/fr\/wp-content\/uploads\/2025\/10\/7e5ded6_upload-1-zf6kspvvpeq7-afp-20250525-hl-lhou-2779220-v1-midres-france78thcannesinternationalfi.jpeg\"  width=\"728\" height=\"410\" alt=\"L\u2019actrice Carole Bouquet a \u00e9t\u00e9 victime d\u2019un malaise, ce mercredi 15\u00a0octobre au soir, sur la sc\u00e8ne de la Scala \u00e0 Paris. (Photo de l\u2019actrice \u00e0 Cannes en 2025)\"\/>  <\/p>\n<p>LAURENT HOU \/ Hans Lucas via AFP<\/p>\n<p>L\u2019actrice Carole Bouquet a \u00e9t\u00e9 victime d\u2019un malaise, ce mercredi 15\u00a0octobre au soir, sur la sc\u00e8ne de la Scala \u00e0 Paris. (Photo de l\u2019actrice \u00e0 Cannes en 2025)<\/p>\n<p class=\"asset asset-text\">CULTURE &#8211; Plus de peur que de mal. Alors qu\u2019elle interpr\u00e9tait la pi\u00e8ce\u00a0Le Professeur, l\u2019adaptation de l\u2019\u0153uvre d\u2019\u00c9milie Fr\u00e8che sur les derniers jours de <a href=\"https:\/\/www.huffingtonpost.fr\/france\/article\/le-college-de-samuel-paty-a-officiellement-pris-son-nom-quatre-ans-apres-son-assassinat-par-un-terroriste_247486.html\" target=\"_blank\" rel=\"noopener nofollow\" title=\"Nouvelle fen\u00eatre\">Samuel Paty<\/a>, l\u2019actrice <a href=\"https:\/\/www.huffingtonpost.fr\/people\/article\/sept-a-huit-carole-bouquet-explique-pourquoi-elle-n-aura-jamais-recours-a-la-chirurgie-esthetique_195750.html\" target=\"_blank\" rel=\"noopener nofollow\" title=\"Nouvelle fen\u00eatre\">Carole Bouquet <\/a>a \u00e9t\u00e9 victime d\u2019un malaise, ce mercredi 15\u00a0octobre au soir, sur la sc\u00e8ne de la Scala, dans le Xe arrondissement de Paris. L\u2019information a \u00e9t\u00e9 r\u00e9v\u00e9l\u00e9e par <a href=\"https:\/\/www.leparisien.fr\/culture-loisirs\/carole-bouquet-victime-dun-malaise-a-la-scala-la-metteuse-en-scene-finit-la-piece-15-10-2025-Y6AE737NJVBP7DBQLPFFYP27AQ.php\" target=\"_blank\" rel=\"noopener nofollow\" title=\"Nouvelle fen\u00eatre\">Le Parisien.<\/a><\/p>\n<p class=\"asset asset-text\">L\u2019entourage de la com\u00e9dienne assure qu\u2019elle \u00ab\u00a0va bien\u00a0\u00bb \u00e0 <a href=\"https:\/\/www.bfmtv.com\/people\/cinema\/elle-va-bien-l-actrice-carole-bouquet-victime-d-un-malaise-sur-scene-a-paris_AN-202510150953.html\" target=\"_blank\" rel=\"noopener nofollow\" title=\"Nouvelle fen\u00eatre\">BFMTV<\/a> et ajoute que Carole Bouquet reprendra sa repr\u00e9sentation d\u00e8s jeudi.\u00a0Le Professeur se joue jusqu\u2019au 14\u00a0d\u00e9cembre.<\/p>\n<p class=\"asset asset-text\">Le Parisien raconte que Carole Bouquet jouait depuis 45\u00a0minutes environ quand elle s\u2019est \u00e9croul\u00e9e. La metteuse en sc\u00e8ne de la pi\u00e8ce, Muriel Mayette-Holtz, est ensuite mont\u00e9e sur sc\u00e8ne pour rassurer les spectateurs et leur proposer de continuer la lecture de la pi\u00e8ce.<\/p>\n<p class=\"asset asset-text\">L\u2019actrice est revenue saluer le public en fin de spectacle, rassurant sur son \u00e9tat de sant\u00e9. \u00ab\u00a0Un coup de mou, \u00e7a arrive. Elle devrait reprendre la pi\u00e8ce d\u00e8s demain\u00a0\u00bb, a indiqu\u00e9 la Scala au Parisien.<\/p>\n<p>                     Une seule voix    <\/p>\n<p class=\"asset asset-text\">La pi\u00e8ce de th\u00e9\u00e2tre d\u2019\u00c9milie Fr\u00e8che est inspir\u00e9e de Samuel Paty, enseignant de 47\u00a0ans qui a \u00e9t\u00e9 d\u00e9capit\u00e9 le 16\u00a0octobre\u00a02020 par un islamiste radicalis\u00e9 pour avoir montr\u00e9 des caricatures de Mahomet en classe. L\u2019\u0153uvre \u00e9voque les dix derniers jours de vie du professeur et son combat pour \u00e0 la libert\u00e9 d\u2019expression.<\/p>\n<p class=\"asset asset-text\">Dans sa lecture, Carole Bouquet interpr\u00e8te tous les personnages. Le professeur, droit et clair mais peu \u00e0 peu gagn\u00e9 par la col\u00e8re et la peur, la principale du coll\u00e8ge, l\u2019islamiste mena\u00e7ant, le coll\u00e8gue aux bras ballants, le r\u00e9f\u00e9rent la\u00efcit\u00e9 bloqu\u00e9 les bras crois\u00e9s, les \u00e9l\u00e8ves insouciants\u2026<\/p>\n<p class=\"asset asset-text\">Cette pi\u00e8ce sur l\u2019injonction \u00e0 l\u2019autocensure r\u00e9sonne pour l\u2019actrice, ancienne compagne de G\u00e9rard Depardieu, et qui a \u00e9t\u00e9 vivement critiqu\u00e9e l\u2019an dernier pour l\u2019avoir soutenu alors que les plaintes et accusations de violences sexuelles se multipliaient. \u00ab\u00a0Je ne suis pas oblig\u00e9e de r\u00e9p\u00e9ter \u00e9ternellement que ce n\u2019est pas comme \u00e7a que je pense ou qu\u2019il y a des nuances. C\u2019est exactement le propos de la pi\u00e8ce. Mais justement, la nuance aujourd\u2019hui, c\u2019est tr\u00e8s, tr\u00e8s, tr\u00e8s compliqu\u00e9\u00a0\u00bb, a regrett\u00e9 Carole Bouquet en juillet aupr\u00e8s de l\u2019AFP.<\/p>\n","protected":false},"excerpt":{"rendered":"LAURENT HOU \/ Hans Lucas via AFP L\u2019actrice Carole Bouquet a \u00e9t\u00e9 victime d\u2019un malaise, ce mercredi 15\u00a0octobre&hellip;\n","protected":false},"author":2,"featured_media":466114,"comment_status":"","ping_status":"","sticky":false,"template":"","format":"standard","meta":{"footnotes":""},"categories":[1359],"tags":[2594,42573,251,58,59,1011,27,626,973],"class_list":{"0":"post-466113","1":"post","2":"type-post","3":"status-publish","4":"format-standard","5":"has-post-thumbnail","7":"category-people","8":"tag-actrice","9":"tag-carole-bouquet","10":"tag-culture","11":"tag-divertissement","12":"tag-entertainment","13":"tag-fr","14":"tag-france","15":"tag-paris","16":"tag-people"},"share_on_mastodon":{"url":"https:\/\/pubeurope.com\/@fr\/115380939123916457","error":""},"_links":{"self":[{"href":"https:\/\/www.europesays.com\/fr\/wp-json\/wp\/v2\/posts\/466113","targetHints":{"allow":["GET"]}}],"collection":[{"href":"https:\/\/www.europesays.com\/fr\/wp-json\/wp\/v2\/posts"}],"about":[{"href":"https:\/\/www.europesays.com\/fr\/wp-json\/wp\/v2\/types\/post"}],"author":[{"embeddable":true,"href":"https:\/\/www.europesays.com\/fr\/wp-json\/wp\/v2\/users\/2"}],"replies":[{"embeddable":true,"href":"https:\/\/www.europesays.com\/fr\/wp-json\/wp\/v2\/comments?post=466113"}],"version-history":[{"count":0,"href":"https:\/\/www.europesays.com\/fr\/wp-json\/wp\/v2\/posts\/466113\/revisions"}],"wp:featuredmedia":[{"embeddable":true,"href":"https:\/\/www.europesays.com\/fr\/wp-json\/wp\/v2\/media\/466114"}],"wp:attachment":[{"href":"https:\/\/www.europesays.com\/fr\/wp-json\/wp\/v2\/media?parent=466113"}],"wp:term":[{"taxonomy":"category","embeddable":true,"href":"https:\/\/www.europesays.com\/fr\/wp-json\/wp\/v2\/categories?post=466113"},{"taxonomy":"post_tag","embeddable":true,"href":"https:\/\/www.europesays.com\/fr\/wp-json\/wp\/v2\/tags?post=466113"}],"curies":[{"name":"wp","href":"https:\/\/api.w.org\/{rel}","templated":true}]}}