{"id":466115,"date":"2025-10-16T00:09:12","date_gmt":"2025-10-16T00:09:12","guid":{"rendered":"https:\/\/www.europesays.com\/fr\/466115\/"},"modified":"2025-10-16T00:09:12","modified_gmt":"2025-10-16T00:09:12","slug":"une-statue-de-la-vierge-profanee-en-plein-coeur-du-village","status":"publish","type":"post","link":"https:\/\/www.europesays.com\/fr\/466115\/","title":{"rendered":"Une statue de la Vierge profan\u00e9e en plein c\u0153ur du village"},"content":{"rendered":"<p>\t\t\t\t\t Nos villes et nos villages sont parsem\u00e9s de statues de Vierge et d&rsquo;ex Voto.\u00a0 Des traces d&rsquo;un pass\u00e9 religieux riche quand la foi \u00e9tait encore vivace dans le quotidien des Corses. Et \u00e0 l&rsquo;heure o\u00f9 l&rsquo;\u00eele est encore secou\u00e9e par l&rsquo;histoire de la croix de <a class=\"liens\" href=\"https:\/\/www.corsenetinfos.corsica\/A-Quasquara-la-justice-contraint-la-commune-a-retirer-la-croix-installee-a-l-entree-du-village_a87137.html\" target=\"_blank\" rel=\"noopener\">Quasquara<\/a>, de bien tristes faits ont \u00e9t\u00e9 constat\u00e9s ce mardi 14 octobre par un pompier de la commune de Biguglia. <\/p>\n<p>Chaque fois que le jeune Lucien Bizzari passe devant une petite statue install\u00e9e dans une petite niche,\u00a0 au coeur du village de Biguglia, il a pris l&rsquo;habitude d&#8217;embrasser cette repr\u00e9sentation de la m\u00e8re de J\u00e9sus. Un passage qui le m\u00e8ne chez ses grands parents r\u00e9sidant depuis toujours sur la commune. <\/p>\n<p>La petite statue en pl\u00e2tre, qui avait \u00e9t\u00e9 install\u00e9e dans une niche construite par Jeannot Ferrandi il ya quelques ann\u00e9es, a \u00e9t\u00e9 d\u00e9capit\u00e9e. <\/p>\n<p>Tr\u00e8s vite la nouvelle s&rsquo;est r\u00e9pandue au sein de la communaut\u00e9 villageoise. Des faits qui ont \u00e9mu des plus anciens aux plus jeunes. Un acte qui n&rsquo;est pas le premier du genre puisque dans le pass\u00e9, cette statue haute de quelques centim\u00e8tres avait d\u00e9j\u00e0 \u00e9t\u00e9 d\u00e9t\u00e9rior\u00e9e. Un geste d&rsquo;autant plus condamnable \u00e0 un moment o\u00f9 la Corse a besoin de concorde et de paix et est encore sous le choc de la d\u00e9cision du tribunal administratif de Bastia. <\/p>\n<p>Une plainte va \u00eatre d\u00e9pos\u00e9e par les propri\u00e9taires de la maison o\u00f9 est situ\u00e9e la niche qui abrite la statue. Un rassemblement sera organis\u00e9 ce jeudi 16 octobre \u00e0 8h30 \u00e0 l&rsquo;endroit de la profanation.\n\t\t\t\t <\/p>\n","protected":false},"excerpt":{"rendered":"Nos villes et nos villages sont parsem\u00e9s de statues de Vierge et d&rsquo;ex Voto.\u00a0 Des traces d&rsquo;un pass\u00e9&hellip;\n","protected":false},"author":2,"featured_media":466116,"comment_status":"","ping_status":"","sticky":false,"template":"","format":"standard","meta":{"footnotes":""},"categories":[1358],"tags":[1348,1384,1385,5621,55267,2517,1386,58,59,1011,27,44206,58991],"class_list":{"0":"post-466115","1":"post","2":"type-post","3":"status-publish","4":"format-standard","5":"has-post-thumbnail","7":"category-arts-et-design","8":"tag-arts","9":"tag-arts-and-design","10":"tag-arts-et-design","11":"tag-bastia","12":"tag-biguglia","13":"tag-corse","14":"tag-design","15":"tag-divertissement","16":"tag-entertainment","17":"tag-fr","18":"tag-france","19":"tag-profanation","20":"tag-une-statue-de-la-vierge-profanee-en-plein-coeur-du-village"},"share_on_mastodon":{"url":"https:\/\/pubeurope.com\/@fr\/115380942484316419","error":""},"_links":{"self":[{"href":"https:\/\/www.europesays.com\/fr\/wp-json\/wp\/v2\/posts\/466115","targetHints":{"allow":["GET"]}}],"collection":[{"href":"https:\/\/www.europesays.com\/fr\/wp-json\/wp\/v2\/posts"}],"about":[{"href":"https:\/\/www.europesays.com\/fr\/wp-json\/wp\/v2\/types\/post"}],"author":[{"embeddable":true,"href":"https:\/\/www.europesays.com\/fr\/wp-json\/wp\/v2\/users\/2"}],"replies":[{"embeddable":true,"href":"https:\/\/www.europesays.com\/fr\/wp-json\/wp\/v2\/comments?post=466115"}],"version-history":[{"count":0,"href":"https:\/\/www.europesays.com\/fr\/wp-json\/wp\/v2\/posts\/466115\/revisions"}],"wp:featuredmedia":[{"embeddable":true,"href":"https:\/\/www.europesays.com\/fr\/wp-json\/wp\/v2\/media\/466116"}],"wp:attachment":[{"href":"https:\/\/www.europesays.com\/fr\/wp-json\/wp\/v2\/media?parent=466115"}],"wp:term":[{"taxonomy":"category","embeddable":true,"href":"https:\/\/www.europesays.com\/fr\/wp-json\/wp\/v2\/categories?post=466115"},{"taxonomy":"post_tag","embeddable":true,"href":"https:\/\/www.europesays.com\/fr\/wp-json\/wp\/v2\/tags?post=466115"}],"curies":[{"name":"wp","href":"https:\/\/api.w.org\/{rel}","templated":true}]}}