{"id":466134,"date":"2025-10-16T00:18:14","date_gmt":"2025-10-16T00:18:14","guid":{"rendered":"https:\/\/www.europesays.com\/fr\/466134\/"},"modified":"2025-10-16T00:18:14","modified_gmt":"2025-10-16T00:18:14","slug":"grand-frais-veut-reprendre-une-trentaine-de-magasins-gifi-15-10-2025-a-1953","status":"publish","type":"post","link":"https:\/\/www.europesays.com\/fr\/466134\/","title":{"rendered":"Grand Frais veut reprendre une trentaine de magasins Gifi &#8211; 15\/10\/2025 \u00e0 19:53"},"content":{"rendered":"<p>        <img fetchpriority=\"high\" decoding=\"async\" src=\"https:\/\/www.europesays.com\/fr\/wp-content\/uploads\/2025\/10\/215b80dce9e50b78950556cc4d2429b0-760x506.jpg\" alt=\"( AFP \/ GABRIEL BOUYS )\" loading=\"eager\" width=\"760\" height=\"506\" style=\"max-width: 100%!important; height: auto;\"\/><\/p>\n<p class=\"c-image-news__legend\">( AFP \/ GABRIEL BOUYS )<\/p>\n<p>\n Le distributeur alimentaire Grand Frais veut racheter une trentaine de magasins Gifi, ont annonc\u00e9 mercredi les deux enseignes, la premi\u00e8re, en d\u00e9veloppement, esp\u00e9rant ainsi renforcer son maillage territorial tandis que la seconde, en difficult\u00e9, cherche \u00e0 assurer sa p\u00e9rennit\u00e9.\n<\/p>\n<p>\n \u00ab\u00a0Grand Frais et Gifi se sont rapproch\u00e9es en vue de la cession\u00a0\u00bb de 25 \u00e0 30 magasins, expliquent les enseignes dans un communiqu\u00e9 commun, confirmant une information du site sp\u00e9cialis\u00e9 LSA.\n<\/p>\n<p>\n La r\u00e9alisation d\u00e9finitive de l&rsquo;op\u00e9ration, dont le montant n&rsquo;est pas communiqu\u00e9, \u00ab\u00a0est envisag\u00e9e courant 2026\u00a0\u00bb, sous r\u00e9serve notamment des \u00ab\u00a0autorisations r\u00e9glementaires requises\u00a0\u00bb.\n<\/p>\n<p>\n \u00ab\u00a0Le nombre de magasins concern\u00e9s et le calendrier d\u00e9taill\u00e9 seront communiqu\u00e9s ult\u00e9rieurement\u00a0\u00bb, est-il ajout\u00e9.\n<\/p>\n<p>\n Assurant vouloir \u00ab\u00a0mettre tout en oeuvre pour pr\u00e9server l&#8217;emploi\u00a0\u00bb, Grand Frais entend par ailleurs proposer \u00ab\u00a0un poste avec reprise de leur anciennet\u00e9\u00a0\u00bb aux salari\u00e9s de Gifi concern\u00e9s.\n<\/p>\n<p>\n Cette \u00ab\u00a0op\u00e9ration de croissance externe avec plusieurs magasins \u00e0 la cl\u00e9\u00a0\u00bb serait \u00ab\u00a0une premi\u00e8re\u00a0\u00bb pour le sp\u00e9cialiste des produits frais, a d\u00e9clar\u00e9 \u00e0 l&rsquo;AFP le pr\u00e9sident de Grand Frais gestion, Jean-Paul Mochet, assurant ne pas \u00ab\u00a0\u00eatre dans une course au m\u00e8tre carr\u00e9s\u00a0\u00bb.\n<\/p>\n<p>\n Cr\u00e9\u00e9 en 1997, Grand Frais revendique une vingtaine d&rsquo;ouvertures par an, pour un total de 335 points de ventes, essentiellement en France. Son chiffre d&rsquo;affaires, non publi\u00e9, est estim\u00e9 entre 4,5 et 5 milliards d&rsquo;euros par Kantar, selon le dirigeant.\n<\/p>\n<p>\n Les magasins Gifi qui l&rsquo;int\u00e9ressent sont \u00ab\u00a0plut\u00f4t\u00a0\u00bb situ\u00e9s en \u00ab\u00a0p\u00e9riph\u00e9rie\u00a0\u00bb, dans des \u00ab\u00a0zones commerciales denses\u00a0\u00bb et ont \u00ab\u00a0\u00e0 peu pr\u00e8s la m\u00eame taille\u00a0\u00bb qu&rsquo;un Grand Frais, explique M. Mochet.\n<\/p>\n<p>\n Le dirigeant, \u00e9galement PDG de Prosol, le p\u00f4le fruits, l\u00e9gumes, poissonnerie et cr\u00e9merie de Grand Frais, n&rsquo;a pas souhait\u00e9 commenter une information du m\u00e9dia sp\u00e9cialis\u00e9 La Lettre, selon qui trois fonds anglo-saxons (Clayton Dubilier &amp; Rice, Apollo et Cinven) \u00ab\u00a0peaufinent leurs offres en vue de s&rsquo;offrir Prosol\u00a0\u00bb.\n<\/p>\n<p>\n De son c\u00f4t\u00e9, Gifi, sp\u00e9cialis\u00e9 dans les articles pour la maison \u00e0 petit prix, \u00ab\u00a0mise sur la consolidation et la valorisation de ses acquis pour assurer sa p\u00e9rennit\u00e9 et pr\u00e9server l&#8217;emploi\u00a0\u00bb, selon le communiqu\u00e9.\n<\/p>\n<p>\n \u00ab\u00a0Quand on commence \u00e0 vendre les bijoux de famille, c&rsquo;est que \u00e7a ne va pas\u00a0\u00bb, a d\u00e9plor\u00e9 aupr\u00e8s de l&rsquo;AFP Laurent Mardaga, d\u00e9l\u00e9gu\u00e9 CFDT au si\u00e8ge social de Gifi, \u00e0 Villeneuve-sur-Lot (Lot-et-Garonne).\n<\/p>\n<p>\n GiFi souffre de la concurrence d&rsquo;autres magasins (Action, Maxibazar) et plateformes internet comme Temu. Apr\u00e8s un r\u00e9\u00e9chelonnement de sa dette l&rsquo;an dernier, l&rsquo;enseigne a arrach\u00e9 en janvier aupr\u00e8s de ses banques un plan de soutien financier, moyennant une nouvelle gouvernance et la mise en retrait du fondateur de l&rsquo;enseigne, Philippe Ginestet.\n<\/p>\n<p>\n La vente de magasins doit permettre d&rsquo;apporter des liquidit\u00e9s au groupe, qui perd un million d&rsquo;euros par jour, selon une source proche du dossier. Mais cette strat\u00e9gie ne portera ses fruits que si l&rsquo;activit\u00e9 repart, ajoute-t-elle.\n<\/p>\n<p>\n Un PSE (plan de sauvegarde l&#8217;emploi) pr\u00e9voyant 166 suppressions de postes sur 730 au si\u00e8ge a \u00e9t\u00e9 suspendu en juillet, dans l&rsquo;attente de l&rsquo;arriv\u00e9e du nouveau pr\u00e9sident du directoire Christophe Mistou, ex patron de Mr.Bricolage.\n<\/p>\n<p>\n Mais le d\u00e9l\u00e9gu\u00e9 CFDT \u00e9voque \u00ab\u00a0un PSE par petits bouts\u00a0\u00bb, car les d\u00e9parts volontaires s&rsquo;accumulent et ne sont pas remplac\u00e9s.\n<\/p>\n<p>\n Jeudi, un CSE (comit\u00e9 social et \u00e9conomique) sera consacr\u00e9 \u00e0 la nouvelle organisation de l&rsquo;entreprise, que d\u00e9voilera vendredi Christophe Mistou aux salari\u00e9s du si\u00e8ge.\n<\/p>\n<p>\n Fin juillet, le groupe revendiquait 6.800 collaborateurs et 620 points de vente en France et \u00e0 l&rsquo;international, pour un chiffre d&rsquo;affaires de 1,2 milliard d&rsquo;euros en 2024.\n<\/p>\n<p>\n Sollicit\u00e9e par l&rsquo;AFP, sa direction n&rsquo;a pas comment\u00e9.<\/p>\n","protected":false},"excerpt":{"rendered":"( AFP \/ GABRIEL BOUYS ) Le distributeur alimentaire Grand Frais veut racheter une trentaine de magasins Gifi,&hellip;\n","protected":false},"author":2,"featured_media":466135,"comment_status":"","ping_status":"","sticky":false,"template":"","format":"standard","meta":{"footnotes":""},"categories":[6],"tags":[400,398,408,35,405,33,34,1011,27,403,402,399,404,401,406,407],"class_list":{"0":"post-466134","1":"post","2":"type-post","3":"status-publish","4":"format-standard","5":"has-post-thumbnail","7":"category-economie","8":"tag-action-cac-40","9":"tag-bourse-de-paris","10":"tag-boursorama","11":"tag-business","12":"tag-cotations","13":"tag-economie","14":"tag-economy","15":"tag-fr","16":"tag-france","17":"tag-indices-devises","18":"tag-investir","19":"tag-investissement","20":"tag-marche-boursier","21":"tag-sicav","22":"tag-trackers","23":"tag-warrants"},"share_on_mastodon":{"url":"https:\/\/pubeurope.com\/@fr\/115380978997762032","error":""},"_links":{"self":[{"href":"https:\/\/www.europesays.com\/fr\/wp-json\/wp\/v2\/posts\/466134","targetHints":{"allow":["GET"]}}],"collection":[{"href":"https:\/\/www.europesays.com\/fr\/wp-json\/wp\/v2\/posts"}],"about":[{"href":"https:\/\/www.europesays.com\/fr\/wp-json\/wp\/v2\/types\/post"}],"author":[{"embeddable":true,"href":"https:\/\/www.europesays.com\/fr\/wp-json\/wp\/v2\/users\/2"}],"replies":[{"embeddable":true,"href":"https:\/\/www.europesays.com\/fr\/wp-json\/wp\/v2\/comments?post=466134"}],"version-history":[{"count":0,"href":"https:\/\/www.europesays.com\/fr\/wp-json\/wp\/v2\/posts\/466134\/revisions"}],"wp:featuredmedia":[{"embeddable":true,"href":"https:\/\/www.europesays.com\/fr\/wp-json\/wp\/v2\/media\/466135"}],"wp:attachment":[{"href":"https:\/\/www.europesays.com\/fr\/wp-json\/wp\/v2\/media?parent=466134"}],"wp:term":[{"taxonomy":"category","embeddable":true,"href":"https:\/\/www.europesays.com\/fr\/wp-json\/wp\/v2\/categories?post=466134"},{"taxonomy":"post_tag","embeddable":true,"href":"https:\/\/www.europesays.com\/fr\/wp-json\/wp\/v2\/tags?post=466134"}],"curies":[{"name":"wp","href":"https:\/\/api.w.org\/{rel}","templated":true}]}}