{"id":466138,"date":"2025-10-16T00:20:23","date_gmt":"2025-10-16T00:20:23","guid":{"rendered":"https:\/\/www.europesays.com\/fr\/466138\/"},"modified":"2025-10-16T00:20:23","modified_gmt":"2025-10-16T00:20:23","slug":"tout-le-departement-est-en-zone-reglementee","status":"publish","type":"post","link":"https:\/\/www.europesays.com\/fr\/466138\/","title":{"rendered":"tout le d\u00e9partement est en zone r\u00e9glement\u00e9e"},"content":{"rendered":"<p>La pr\u00e9fecture a instaur\u00e9 une nouvelle zone de protection, en orange sur notre carte interactive, de vingt kilom\u00e8tres autour du foyer de Neuville-les-Dames qui concerne 91 communes. Une zone de surveillance de 50 km, en rose, est \u00e9tablie autour du nouveau foyer, regroupant 197 communes. Si l\u2019on ajoute la zone de surveillance de 50\u00a0km autour des foyers de l\u2019Ain (Colombier et Injoux-G\u00e9nissiat et des Savoie), concernant 104 communes, la totalit\u00e9 des communes de l\u2019Ain est dans une zone r\u00e9glement\u00e9e.<\/p>\n<p>  Vaccination obligatoire dans la nouvelle zone de surveillance<\/p>\n<p>Dans la nouvelle de zone de 50\u00a0km autour de Neuville-les-Dames, \u00ab\u00a0une campagne de vaccination obligatoire sera mise en \u0153uvre et prise en charge par l\u2019\u00c9tat\u00a0\u00bb, indique la pr\u00e9fecture de l\u2019Ain. Dans les zones r\u00e9glement\u00e9es, des exigences de bios\u00e9curit\u00e9 sont appliqu\u00e9es, avec des interdictions de mouvements de bovins ou le strict respect des conditions de d\u00e9placement en cas de d\u00e9rogation.<\/p>\n","protected":false},"excerpt":{"rendered":"La pr\u00e9fecture a instaur\u00e9 une nouvelle zone de protection, en orange sur notre carte interactive, de vingt kilom\u00e8tres&hellip;\n","protected":false},"author":2,"featured_media":466139,"comment_status":"","ping_status":"","sticky":false,"template":"","format":"standard","meta":{"footnotes":""},"categories":[4],"tags":[11,327,2738,1867,3312,6751,107,1011,27,12,25,71],"class_list":{"0":"post-466138","1":"post","2":"type-post","3":"status-publish","4":"format-standard","5":"has-post-thumbnail","7":"category-france","8":"tag-actualites","9":"tag-agriculture","10":"tag-ain","11":"tag-animaux","12":"tag-edition-ain-est","13":"tag-edition-ain-ouest","14":"tag-fil-info","15":"tag-fr","16":"tag-france","17":"tag-news","18":"tag-republique-francaise","19":"tag-sante"},"share_on_mastodon":{"url":"https:\/\/pubeurope.com\/@fr\/115380985732515234","error":""},"_links":{"self":[{"href":"https:\/\/www.europesays.com\/fr\/wp-json\/wp\/v2\/posts\/466138","targetHints":{"allow":["GET"]}}],"collection":[{"href":"https:\/\/www.europesays.com\/fr\/wp-json\/wp\/v2\/posts"}],"about":[{"href":"https:\/\/www.europesays.com\/fr\/wp-json\/wp\/v2\/types\/post"}],"author":[{"embeddable":true,"href":"https:\/\/www.europesays.com\/fr\/wp-json\/wp\/v2\/users\/2"}],"replies":[{"embeddable":true,"href":"https:\/\/www.europesays.com\/fr\/wp-json\/wp\/v2\/comments?post=466138"}],"version-history":[{"count":0,"href":"https:\/\/www.europesays.com\/fr\/wp-json\/wp\/v2\/posts\/466138\/revisions"}],"wp:featuredmedia":[{"embeddable":true,"href":"https:\/\/www.europesays.com\/fr\/wp-json\/wp\/v2\/media\/466139"}],"wp:attachment":[{"href":"https:\/\/www.europesays.com\/fr\/wp-json\/wp\/v2\/media?parent=466138"}],"wp:term":[{"taxonomy":"category","embeddable":true,"href":"https:\/\/www.europesays.com\/fr\/wp-json\/wp\/v2\/categories?post=466138"},{"taxonomy":"post_tag","embeddable":true,"href":"https:\/\/www.europesays.com\/fr\/wp-json\/wp\/v2\/tags?post=466138"}],"curies":[{"name":"wp","href":"https:\/\/api.w.org\/{rel}","templated":true}]}}