{"id":466141,"date":"2025-10-16T00:22:14","date_gmt":"2025-10-16T00:22:14","guid":{"rendered":"https:\/\/www.europesays.com\/fr\/466141\/"},"modified":"2025-10-16T00:22:14","modified_gmt":"2025-10-16T00:22:14","slug":"60-500-visiteurs-et-des-nocturnes-appreciees","status":"publish","type":"post","link":"https:\/\/www.europesays.com\/fr\/466141\/","title":{"rendered":"60 500 visiteurs et des nocturnes appr\u00e9ci\u00e9es"},"content":{"rendered":"\n<p>C&rsquo;\u00e9tait une \u00e9dition \u00ab\u00a0du renouveau\u00a0\u00bb pour l&rsquo;organisation de la 76\u1d49 foire de Saint-\u00c9tienne. Quelques jours apr\u00e8s la fin de l&rsquo;\u00e9v\u00e8nement, l&rsquo;heure est au bilan chiffr\u00e9. On rappelle que 252 exposants \u00e9taient venus s&rsquo;installer au parc Expo cette ann\u00e9e, c&rsquo;est 30 de plus par rapport \u00e0 2024.<\/p>\n<p>C\u00f4t\u00e9 visiteurs, 60 500 ont \u00e9t\u00e9 d\u00e9nombr\u00e9s dans les all\u00e9es (ndlr, contre 76 000 l&rsquo;an dernier). Avec un succ\u00e8s pour les 2 nocturnes du mardi et du vendredi, pour lesquelles un record d&rsquo;affluence a \u00e9t\u00e9 enregistr\u00e9.<\/p>\n<p>Vous avez \u00e9galement \u00e9t\u00e9 plus de 11 000 \u00e0 jouer aux bornes Activ pour tenter de gagner un des 5 city breaks \u00e0 Dublin que nous vous proposions. Rendez-vous est donn\u00e9 l&rsquo;an prochain du 18 au 28 septembre pour la 77\u1d49 \u00e9dition.<\/p>\n","protected":false},"excerpt":{"rendered":"C&rsquo;\u00e9tait une \u00e9dition \u00ab\u00a0du renouveau\u00a0\u00bb pour l&rsquo;organisation de la 76\u1d49 foire de Saint-\u00c9tienne. Quelques jours apr\u00e8s la fin&hellip;\n","protected":false},"author":2,"featured_media":466142,"comment_status":"","ping_status":"","sticky":false,"template":"","format":"standard","meta":{"footnotes":""},"categories":[9653],"tags":[58993,1111,11,2430,1777,674,4434,1011,27,58992,516,3367,12,25,4001],"class_list":{"0":"post-466141","1":"post","2":"type-post","3":"status-publish","4":"format-standard","5":"has-post-thumbnail","7":"category-saint-etienne","8":"tag-activ","9":"tag-actu","10":"tag-actualites","11":"tag-auvergne-rhone-alpes","12":"tag-eu","13":"tag-europe","14":"tag-foire","15":"tag-fr","16":"tag-france","17":"tag-gl_events","18":"tag-irlande","19":"tag-loire","20":"tag-news","21":"tag-republique-francaise","22":"tag-saint-etienne"},"share_on_mastodon":{"url":"https:\/\/pubeurope.com\/@fr\/115380993770078110","error":""},"_links":{"self":[{"href":"https:\/\/www.europesays.com\/fr\/wp-json\/wp\/v2\/posts\/466141","targetHints":{"allow":["GET"]}}],"collection":[{"href":"https:\/\/www.europesays.com\/fr\/wp-json\/wp\/v2\/posts"}],"about":[{"href":"https:\/\/www.europesays.com\/fr\/wp-json\/wp\/v2\/types\/post"}],"author":[{"embeddable":true,"href":"https:\/\/www.europesays.com\/fr\/wp-json\/wp\/v2\/users\/2"}],"replies":[{"embeddable":true,"href":"https:\/\/www.europesays.com\/fr\/wp-json\/wp\/v2\/comments?post=466141"}],"version-history":[{"count":0,"href":"https:\/\/www.europesays.com\/fr\/wp-json\/wp\/v2\/posts\/466141\/revisions"}],"wp:featuredmedia":[{"embeddable":true,"href":"https:\/\/www.europesays.com\/fr\/wp-json\/wp\/v2\/media\/466142"}],"wp:attachment":[{"href":"https:\/\/www.europesays.com\/fr\/wp-json\/wp\/v2\/media?parent=466141"}],"wp:term":[{"taxonomy":"category","embeddable":true,"href":"https:\/\/www.europesays.com\/fr\/wp-json\/wp\/v2\/categories?post=466141"},{"taxonomy":"post_tag","embeddable":true,"href":"https:\/\/www.europesays.com\/fr\/wp-json\/wp\/v2\/tags?post=466141"}],"curies":[{"name":"wp","href":"https:\/\/api.w.org\/{rel}","templated":true}]}}