{"id":466143,"date":"2025-10-16T00:23:19","date_gmt":"2025-10-16T00:23:19","guid":{"rendered":"https:\/\/www.europesays.com\/fr\/466143\/"},"modified":"2025-10-16T00:23:19","modified_gmt":"2025-10-16T00:23:19","slug":"leon-marchand-viendra-t-il-nager-en-auvergne-rhone-alpes-cet-ete","status":"publish","type":"post","link":"https:\/\/www.europesays.com\/fr\/466143\/","title":{"rendered":"L\u00e9on Marchand viendra-t-il nager en Auvergne-Rh\u00f4ne-Alpes cet \u00e9t\u00e9 ?"},"content":{"rendered":"<p>Les championnats de France \u00e9lite 2026 se d\u00e9rouleront en Auvergne-Rh\u00f4ne-Alpes, \u00e0 Saint-\u00c9tienne plus pr\u00e9cis\u00e9ment, cet \u00e9t\u00e9 (27 juin &#8211; 2 juillet). La comp\u00e9tition \u00e9tant qualificative pour les championnats d&rsquo;Europe \u00e0 Paris, L\u00e9on Marchand pourrait \u00eatre de la partie.<\/p>\n<p>Il fait vibrer la France \u00e0 chacun de ses passages dans un bassin. <b>L\u00e9on Marchand<\/b> pourrait nager dans la r\u00e9gion \u00e0 l&rsquo;\u00e9t\u00e9 2026.<\/p>\n<p>Les championnats de France \u00e0 Saint-\u00c9tienne<\/p>\n<p>Avant les championnats d&rsquo;Europe de natation \u00e0 Paris (31 juillet &#8211; 16 ao\u00fbt 2026) se tiendront <b>les championnats de France \u00e9lite<\/b> \u00e0 Saint-\u00c9tienne. Un passage oblig\u00e9, car la comp\u00e9tition est qualificative pour les championnats d&rsquo;Europe.<\/p>\n<p>Le club de\u00a0Saint-\u00c9tienne Aquatic M\u00e9tropole a appris la bonne nouvelle r\u00e9cemment selon <a class=\"url\" href=\"https:\/\/c.leprogres.fr\/sport\/2025\/10\/15\/les-championnats-de-france-2026-a-saint-etienne-avec-leon-marchand\" target=\"_blank\" rel=\"noopener\">Le Progr\u00e8s<\/a>. Les championnats de France se d\u00e9rouleront au sein de <b>la\u00a0piscine Raymond Sommet du 27 juin au 2 juillet 2026<\/b>.<\/p>\n<p>L\u00e9on Marchand pr\u00e9sent pour la comp\u00e9tition ?<\/p>\n<p>La comp\u00e9tition r\u00e9unira donc les meilleurs nageurs de France, avec parmi eux, <a class=\"url\" href=\"https:\/\/www.radioscoop.com\/people\/apres-avoir-refuse-un-autographe-a-cette-petite-fille-leon-marchand-se-fait-pardonner_307930\" target=\"_blank\" rel=\"noopener\">L\u00e9on Marchand<\/a>. La star de la natation, \u00e2g\u00e9 de 23 ans, n&rsquo;y avait pas particip\u00e9 la derni\u00e8re fois gr\u00e2ce \u00e0 une dispense de la part la F\u00e9d\u00e9ration fran\u00e7aise de natation.<img loading=\"lazy\" decoding=\"async\" src=\"https:\/\/www.europesays.com\/fr\/wp-content\/uploads\/2025\/10\/1760574199_881_img\" width=\"350\" height=\"200\" border=\"0\" title=\"Maxime Bernauer, Lucas Stassin et Florian Tardieu\"\/><\/p>\n<p>\u25baFootball<\/p>\n<p style=\"font-size: 22px;\"><b>ASSE : Lucas Stassin d\u00e9sign\u00e9 meilleur joueur de Ligue 2 en septembre<\/b><\/p>\n<p>Auteur de quatre buts et une passe d\u00e9cisive, l&rsquo;attaquant&#8230;<\/p>\n<p><\/p>\n","protected":false},"excerpt":{"rendered":"Les championnats de France \u00e9lite 2026 se d\u00e9rouleront en Auvergne-Rh\u00f4ne-Alpes, \u00e0 Saint-\u00c9tienne plus pr\u00e9cis\u00e9ment, cet \u00e9t\u00e9 (27 juin&hellip;\n","protected":false},"author":2,"featured_media":466144,"comment_status":"","ping_status":"","sticky":false,"template":"","format":"standard","meta":{"footnotes":""},"categories":[9653],"tags":[1111,11,30026,2430,3714,1777,674,1011,27,58994,5216,12,25,9920,4001],"class_list":{"0":"post-466143","1":"post","2":"type-post","3":"status-publish","4":"format-standard","5":"has-post-thumbnail","7":"category-saint-etienne","8":"tag-actu","9":"tag-actualites","10":"tag-auvergne-rhne-alpes","11":"tag-auvergne-rhone-alpes","12":"tag-championnats-de-france","13":"tag-eu","14":"tag-europe","15":"tag-fr","16":"tag-france","17":"tag-lon-marchand","18":"tag-natation","19":"tag-news","20":"tag-republique-francaise","21":"tag-saint-tienne","22":"tag-saint-etienne"},"share_on_mastodon":{"url":"https:\/\/pubeurope.com\/@fr\/115380998007307749","error":""},"_links":{"self":[{"href":"https:\/\/www.europesays.com\/fr\/wp-json\/wp\/v2\/posts\/466143","targetHints":{"allow":["GET"]}}],"collection":[{"href":"https:\/\/www.europesays.com\/fr\/wp-json\/wp\/v2\/posts"}],"about":[{"href":"https:\/\/www.europesays.com\/fr\/wp-json\/wp\/v2\/types\/post"}],"author":[{"embeddable":true,"href":"https:\/\/www.europesays.com\/fr\/wp-json\/wp\/v2\/users\/2"}],"replies":[{"embeddable":true,"href":"https:\/\/www.europesays.com\/fr\/wp-json\/wp\/v2\/comments?post=466143"}],"version-history":[{"count":0,"href":"https:\/\/www.europesays.com\/fr\/wp-json\/wp\/v2\/posts\/466143\/revisions"}],"wp:featuredmedia":[{"embeddable":true,"href":"https:\/\/www.europesays.com\/fr\/wp-json\/wp\/v2\/media\/466144"}],"wp:attachment":[{"href":"https:\/\/www.europesays.com\/fr\/wp-json\/wp\/v2\/media?parent=466143"}],"wp:term":[{"taxonomy":"category","embeddable":true,"href":"https:\/\/www.europesays.com\/fr\/wp-json\/wp\/v2\/categories?post=466143"},{"taxonomy":"post_tag","embeddable":true,"href":"https:\/\/www.europesays.com\/fr\/wp-json\/wp\/v2\/tags?post=466143"}],"curies":[{"name":"wp","href":"https:\/\/api.w.org\/{rel}","templated":true}]}}