{"id":466165,"date":"2025-10-16T00:35:13","date_gmt":"2025-10-16T00:35:13","guid":{"rendered":"https:\/\/www.europesays.com\/fr\/466165\/"},"modified":"2025-10-16T00:35:13","modified_gmt":"2025-10-16T00:35:13","slug":"previsions-du-jeudi-16-octobre-2025-7","status":"publish","type":"post","link":"https:\/\/www.europesays.com\/fr\/466165\/","title":{"rendered":"pr\u00e9visions du jeudi 16 octobre 2025"},"content":{"rendered":"<p class=\"mb-4 text-lg md:leading-8 break-words\"><strong>M\u00e9t\u00e9o &#8211; Le soleil sera dominant, la garantie d&rsquo;une magnifique journ\u00e9e ! Les temp\u00e9ratures seront de 13\u00b0C la matin\u00e9e et de 19\u00b0C l&rsquo;apr\u00e8s-midi&#8230;<\/strong><\/p>\n<p class=\"mb-4 text-lg md:leading-8 break-words\">Aujourd&rsquo;hui, les Rennais vont pouvoir profiter d&rsquo;un soleil radieux. Il va faire environ 14\u00b0C. Un vent de nord-est soufflera l\u00e9g\u00e8rement, avec 16 km\/h. La m\u00e9t\u00e9o va se r\u00e9chauffer l&rsquo;apr\u00e8s-midi avec une hausse de plusieurs degr\u00e9s. Les valeurs s&rsquo;\u00e9chelonneront de 16 \u00e0 20\u00b0C. Le ciel va l\u00e9g\u00e8rement se d\u00e9gager dans la soir\u00e9e avec des \u00e9claircies. \u00c0 la nuit tomb\u00e9e, le ciel sera d\u00e9pourvu de nuages.<\/p>\n<p class=\"mb-4 text-lg md:leading-8 break-words\">Un bel ensoleillement est attendu demain \u00e0 Rennes. Une chute du mercure est \u00e0 craindre. Les temp\u00e9ratures s&rsquo;\u00e9chelonneront entre 6 et 20\u00b0C. Une l\u00e9g\u00e8re brise de nord-est sera ressentie par les habitants. Il fera 12\u00b0C en moyenne le matin. Les temp\u00e9ratures vont enregistrer une augmentation de plusieurs degr\u00e9s dans l&rsquo;apr\u00e8s-midi. Les valeurs afficheront entre 15 et 20\u00b0C. Le temps devrait s&rsquo;am\u00e9liorer durant la soir\u00e9e. Le thermom\u00e8tre affichera 11\u00b0C en moyenne.<\/p>\n<p class=\"mb-4 text-lg md:leading-8 break-words\">Pour les prochains jours, la m\u00e9t\u00e9o ne bougera pas. Le temps sera ensoleill\u00e9 avec des temp\u00e9ratures d&rsquo;environ 15\u00b0C.<\/p>\n<p class=\"mb-4 text-lg md:leading-8 break-words\"><a href=\"https:\/\/www.20minutes.fr\/planete\/previsions-meteo\/4179600-20251016-meteo-rennes-previsions-jeudi-16-octobre-2025?at_medium=RSS%20feed&amp;at_campaign=ynews&amp;utm_source=yahoo&amp;utm_medium=rss&amp;utm_campaign=news_feed&amp;utm_content=read_more_link&quot;\" rel=\"nofollow noopener\" target=\"_blank\" data-ylk=\"slk:Lire la suite sur 20minutes;elm:context_link;itc:0;sec:content-canvas\" class=\"link \">Lire la suite sur 20minutes<\/a><\/p>\n","protected":false},"excerpt":{"rendered":"M\u00e9t\u00e9o &#8211; Le soleil sera dominant, la garantie d&rsquo;une magnifique journ\u00e9e ! Les temp\u00e9ratures seront de 13\u00b0C la&hellip;\n","protected":false},"author":2,"featured_media":466166,"comment_status":"","ping_status":"","sticky":false,"template":"","format":"standard","meta":{"footnotes":""},"categories":[2821],"tags":[1111,11,829,1777,674,1011,27,51394,56028,55813,29508,2487,12,584,25],"class_list":{"0":"post-466165","1":"post","2":"type-post","3":"status-publish","4":"format-standard","5":"has-post-thumbnail","7":"category-rennes","8":"tag-actu","9":"tag-actualites","10":"tag-bretagne","11":"tag-eu","12":"tag-europe","13":"tag-fr","14":"tag-france","15":"tag-la-matinee","16":"tag-la-meteo","17":"tag-la-nuit-tombee","18":"tag-le-ciel","19":"tag-meteo","20":"tag-news","21":"tag-rennes","22":"tag-republique-francaise"},"share_on_mastodon":{"url":"https:\/\/pubeurope.com\/@fr\/115381044756056685","error":""},"_links":{"self":[{"href":"https:\/\/www.europesays.com\/fr\/wp-json\/wp\/v2\/posts\/466165","targetHints":{"allow":["GET"]}}],"collection":[{"href":"https:\/\/www.europesays.com\/fr\/wp-json\/wp\/v2\/posts"}],"about":[{"href":"https:\/\/www.europesays.com\/fr\/wp-json\/wp\/v2\/types\/post"}],"author":[{"embeddable":true,"href":"https:\/\/www.europesays.com\/fr\/wp-json\/wp\/v2\/users\/2"}],"replies":[{"embeddable":true,"href":"https:\/\/www.europesays.com\/fr\/wp-json\/wp\/v2\/comments?post=466165"}],"version-history":[{"count":0,"href":"https:\/\/www.europesays.com\/fr\/wp-json\/wp\/v2\/posts\/466165\/revisions"}],"wp:featuredmedia":[{"embeddable":true,"href":"https:\/\/www.europesays.com\/fr\/wp-json\/wp\/v2\/media\/466166"}],"wp:attachment":[{"href":"https:\/\/www.europesays.com\/fr\/wp-json\/wp\/v2\/media?parent=466165"}],"wp:term":[{"taxonomy":"category","embeddable":true,"href":"https:\/\/www.europesays.com\/fr\/wp-json\/wp\/v2\/categories?post=466165"},{"taxonomy":"post_tag","embeddable":true,"href":"https:\/\/www.europesays.com\/fr\/wp-json\/wp\/v2\/tags?post=466165"}],"curies":[{"name":"wp","href":"https:\/\/api.w.org\/{rel}","templated":true}]}}