{"id":466169,"date":"2025-10-16T00:37:11","date_gmt":"2025-10-16T00:37:11","guid":{"rendered":"https:\/\/www.europesays.com\/fr\/466169\/"},"modified":"2025-10-16T00:37:11","modified_gmt":"2025-10-16T00:37:11","slug":"previsions-du-jeudi-16-octobre-2025-8","status":"publish","type":"post","link":"https:\/\/www.europesays.com\/fr\/466169\/","title":{"rendered":"pr\u00e9visions du jeudi 16 octobre 2025"},"content":{"rendered":"<p class=\"mb-4 text-lg md:leading-8 break-words\"><strong>M\u00e9t\u00e9o &#8211; Le ciel sera relativement lumineux, avec quelques \u00e9claircies aujourd&rsquo;hui. Les temp\u00e9ratures seront de 11\u00b0C le matin et de 14\u00b0C l&rsquo;apr\u00e8s-midi&#8230;<\/strong><\/p>\n<p class=\"mb-4 text-lg md:leading-8 break-words\">\u00c0 Strasbourg, les maximales pourront atteindre 16\u00b0C dans la journ\u00e9e alors que les minimales seront de 7\u00b0C. Un petit vent de nord-est sera ressenti par les habitants. Le soleil sera dominant, la garantie d&rsquo;une belle matin\u00e9e ! Apr\u00e8s un \u00e9pisode nuageux le temps va peu \u00e0 peu s&rsquo;am\u00e9liorer dans l&rsquo;apr\u00e8s-midi et laisser place \u00e0 des \u00e9claircies. Les valeurs afficheront entre 11\u00b0C et 16\u00b0C. Il va faire environ 11\u00b0C, le soir. Pour les amateurs d&rsquo;astronomie, sachez que la nuit sera claire.<\/p>\n<p class=\"mb-4 text-lg md:leading-8 break-words\">Pour Strasbourg, une m\u00e9t\u00e9o plus chaude est \u00e0 pr\u00e9voir demain \u00e9tant donn\u00e9 que le mercure va enregistrer une augmentation. Les temp\u00e9ratures seront comprises entre 9 et 16\u00b0C. Un vent de nord-est rafra\u00eechira un peu l&rsquo;atmosph\u00e8re. Le matin, le vent va peu \u00e0 peu \u00e9loigner la grisaille. Cet apr\u00e8s-midi sera synonyme de grand soleil. Les valeurs seront de 12\u00b0C au minimum et de 16\u00b0C au plus haut. Des \u00e9claircies feront leur apparition dans la soir\u00e9e. Il fera 10\u00b0C en moyenne.<\/p>\n<p class=\"mb-4 text-lg md:leading-8 break-words\">Le temps restera inchang\u00e9 les jours \u00e0 venir. On anticipe des journ\u00e9es ensoleill\u00e9es, avec des temp\u00e9ratures dans les 11\u00b0C en moyenne.<\/p>\n<p class=\"mb-4 text-lg md:leading-8 break-words\"><a href=\"https:\/\/www.20minutes.fr\/planete\/previsions-meteo\/4179601-20251016-meteo-strasbourg-previsions-jeudi-16-octobre-2025?at_medium=RSS%20feed&amp;at_campaign=ynews&amp;utm_source=yahoo&amp;utm_medium=rss&amp;utm_campaign=news_feed&amp;utm_content=read_more_link&quot;\" rel=\"nofollow noopener\" target=\"_blank\" data-ylk=\"slk:Lire la suite sur 20minutes;elm:context_link;itc:0;sec:content-canvas\" class=\"link \">Lire la suite sur 20minutes<\/a><\/p>\n","protected":false},"excerpt":{"rendered":"M\u00e9t\u00e9o &#8211; Le ciel sera relativement lumineux, avec quelques \u00e9claircies aujourd&rsquo;hui. Les temp\u00e9ratures seront de 11\u00b0C le matin&hellip;\n","protected":false},"author":2,"featured_media":466170,"comment_status":"","ping_status":"","sticky":false,"template":"","format":"standard","meta":{"footnotes":""},"categories":[2820],"tags":[1111,11,1777,674,1011,27,775,44166,2487,12,25,640],"class_list":{"0":"post-466169","1":"post","2":"type-post","3":"status-publish","4":"format-standard","5":"has-post-thumbnail","7":"category-strasbourg","8":"tag-actu","9":"tag-actualites","10":"tag-eu","11":"tag-europe","12":"tag-fr","13":"tag-france","14":"tag-grand-est","15":"tag-le-matin","16":"tag-meteo","17":"tag-news","18":"tag-republique-francaise","19":"tag-strasbourg"},"share_on_mastodon":{"url":"https:\/\/pubeurope.com\/@fr\/115381052564815601","error":""},"_links":{"self":[{"href":"https:\/\/www.europesays.com\/fr\/wp-json\/wp\/v2\/posts\/466169","targetHints":{"allow":["GET"]}}],"collection":[{"href":"https:\/\/www.europesays.com\/fr\/wp-json\/wp\/v2\/posts"}],"about":[{"href":"https:\/\/www.europesays.com\/fr\/wp-json\/wp\/v2\/types\/post"}],"author":[{"embeddable":true,"href":"https:\/\/www.europesays.com\/fr\/wp-json\/wp\/v2\/users\/2"}],"replies":[{"embeddable":true,"href":"https:\/\/www.europesays.com\/fr\/wp-json\/wp\/v2\/comments?post=466169"}],"version-history":[{"count":0,"href":"https:\/\/www.europesays.com\/fr\/wp-json\/wp\/v2\/posts\/466169\/revisions"}],"wp:featuredmedia":[{"embeddable":true,"href":"https:\/\/www.europesays.com\/fr\/wp-json\/wp\/v2\/media\/466170"}],"wp:attachment":[{"href":"https:\/\/www.europesays.com\/fr\/wp-json\/wp\/v2\/media?parent=466169"}],"wp:term":[{"taxonomy":"category","embeddable":true,"href":"https:\/\/www.europesays.com\/fr\/wp-json\/wp\/v2\/categories?post=466169"},{"taxonomy":"post_tag","embeddable":true,"href":"https:\/\/www.europesays.com\/fr\/wp-json\/wp\/v2\/tags?post=466169"}],"curies":[{"name":"wp","href":"https:\/\/api.w.org\/{rel}","templated":true}]}}