{"id":466181,"date":"2025-10-16T00:43:12","date_gmt":"2025-10-16T00:43:12","guid":{"rendered":"https:\/\/www.europesays.com\/fr\/466181\/"},"modified":"2025-10-16T00:43:12","modified_gmt":"2025-10-16T00:43:12","slug":"previsions-du-jeudi-16-octobre-2025-10","status":"publish","type":"post","link":"https:\/\/www.europesays.com\/fr\/466181\/","title":{"rendered":"pr\u00e9visions du jeudi 16 octobre 2025"},"content":{"rendered":"<p class=\"mb-4 text-lg md:leading-8 break-words\"><strong>M\u00e9t\u00e9o &#8211; C&rsquo;est un soleil \u00e9clatant qui va briller aujourd&rsquo;hui. Les temp\u00e9ratures seront de 15\u00b0C la matin\u00e9e et de 22\u00b0C l&rsquo;apr\u00e8s-midi&#8230;<\/strong><\/p>\n<p class=\"mb-4 text-lg md:leading-8 break-words\">Aujourd&rsquo;hui, un beau soleil rayonnera sur Bordeaux. Le thermom\u00e8tre affichera 17\u00b0C en moyenne. Il fera 15\u00b0C en moyenne le matin. Une brise d&rsquo;est soufflera doucement. Les temp\u00e9ratures vont enregistrer une augmentation de plusieurs degr\u00e9s dans l&rsquo;apr\u00e8s-midi. Les valeurs s&rsquo;\u00e9chelonneront de 19 \u00e0 23\u00b0C. Le ciel sera assez lumineux, avec quelques \u00e9claircies le soir. On s&rsquo;attend \u00e0 une nuit claire entre jeudi et vendredi.<\/p>\n<p class=\"mb-4 text-lg md:leading-8 break-words\">Un beau soleil est pr\u00e9vu demain \u00e0 Bordeaux. L&rsquo;air ambiant va se r\u00e9chauffer avec une hausse de quelques degr\u00e9s. Les valeurs seront comprises entre 11 et 24\u00b0C. Un vent de nord-est rafra\u00eechira un peu l&rsquo;atmosph\u00e8re. Les temp\u00e9ratures vont monter pendant l&rsquo;apr\u00e8s-midi de plusieurs degr\u00e9s. Les valeurs seront de 19\u00b0C au plus bas et de 24\u00b0C au plus haut. La ville aura quelques \u00e9claircies demain soir.<\/p>\n<p class=\"mb-4 text-lg md:leading-8 break-words\">Les jours se suivent et ne changent pas. Un ciel ensoleill\u00e9, avec des temp\u00e9ratures de 19\u00b0C environ, est \u00e0 pr\u00e9voir.<\/p>\n<p class=\"mb-4 text-lg md:leading-8 break-words\"><a href=\"https:\/\/www.20minutes.fr\/planete\/previsions-meteo\/4179598-20251016-meteo-bordeaux-previsions-jeudi-16-octobre-2025?at_medium=RSS%20feed&amp;at_campaign=ynews&amp;utm_source=yahoo&amp;utm_medium=rss&amp;utm_campaign=news_feed&amp;utm_content=read_more_link&quot;\" rel=\"nofollow noopener\" target=\"_blank\" data-ylk=\"slk:Lire la suite sur 20minutes;elm:context_link;itc:0;sec:content-canvas\" class=\"link \">Lire la suite sur 20minutes<\/a><\/p>\n","protected":false},"excerpt":{"rendered":"M\u00e9t\u00e9o &#8211; C&rsquo;est un soleil \u00e9clatant qui va briller aujourd&rsquo;hui. Les temp\u00e9ratures seront de 15\u00b0C la matin\u00e9e et&hellip;\n","protected":false},"author":2,"featured_media":466182,"comment_status":"","ping_status":"","sticky":false,"template":"","format":"standard","meta":{"footnotes":""},"categories":[2817],"tags":[1111,11,55599,1997,1777,674,1011,27,2487,12,2219,25],"class_list":{"0":"post-466181","1":"post","2":"type-post","3":"status-publish","4":"format-standard","5":"has-post-thumbnail","7":"category-bordeaux","8":"tag-actu","9":"tag-actualites","10":"tag-beau-soleil","11":"tag-bordeaux","12":"tag-eu","13":"tag-europe","14":"tag-fr","15":"tag-france","16":"tag-meteo","17":"tag-news","18":"tag-nouvelle-aquitaine","19":"tag-republique-francaise"},"share_on_mastodon":{"url":"https:\/\/pubeurope.com\/@fr\/115381076258398076","error":""},"_links":{"self":[{"href":"https:\/\/www.europesays.com\/fr\/wp-json\/wp\/v2\/posts\/466181","targetHints":{"allow":["GET"]}}],"collection":[{"href":"https:\/\/www.europesays.com\/fr\/wp-json\/wp\/v2\/posts"}],"about":[{"href":"https:\/\/www.europesays.com\/fr\/wp-json\/wp\/v2\/types\/post"}],"author":[{"embeddable":true,"href":"https:\/\/www.europesays.com\/fr\/wp-json\/wp\/v2\/users\/2"}],"replies":[{"embeddable":true,"href":"https:\/\/www.europesays.com\/fr\/wp-json\/wp\/v2\/comments?post=466181"}],"version-history":[{"count":0,"href":"https:\/\/www.europesays.com\/fr\/wp-json\/wp\/v2\/posts\/466181\/revisions"}],"wp:featuredmedia":[{"embeddable":true,"href":"https:\/\/www.europesays.com\/fr\/wp-json\/wp\/v2\/media\/466182"}],"wp:attachment":[{"href":"https:\/\/www.europesays.com\/fr\/wp-json\/wp\/v2\/media?parent=466181"}],"wp:term":[{"taxonomy":"category","embeddable":true,"href":"https:\/\/www.europesays.com\/fr\/wp-json\/wp\/v2\/categories?post=466181"},{"taxonomy":"post_tag","embeddable":true,"href":"https:\/\/www.europesays.com\/fr\/wp-json\/wp\/v2\/tags?post=466181"}],"curies":[{"name":"wp","href":"https:\/\/api.w.org\/{rel}","templated":true}]}}