{"id":466213,"date":"2025-10-16T01:03:12","date_gmt":"2025-10-16T01:03:12","guid":{"rendered":"https:\/\/www.europesays.com\/fr\/466213\/"},"modified":"2025-10-16T01:03:12","modified_gmt":"2025-10-16T01:03:12","slug":"fiba-europe-cup-laurent-legname-jda-dijon-on-aurait-du-gagner-ce-match","status":"publish","type":"post","link":"https:\/\/www.europesays.com\/fr\/466213\/","title":{"rendered":"Fiba Europe Cup. Laurent Legname (JDA Dijon) : \u00ab\u00a0On aurait d\u00fb gagner ce match\u00a0\u00bb"},"content":{"rendered":"<p><strong>Laurent Legname (entraineur de la JDA Dijon) :<\/strong> \u00ab\u00a0 Il y a de la d\u00e9ception, car on aurait d\u00fb gagner ce match. On fait une entame mauvaise, on n&rsquo;a rien respect\u00e9, on met 15 minutes \u00e0 ex\u00e9cuter ce qu\u2019on avait pr\u00e9vu sur leur d\u00e9fense. On avait parl\u00e9 d\u2019attitudes, de reproduire<a href=\"https:\/\/www.bienpublic.com\/sport\/2025\/10\/11\/la-jda-a-surfe-sur-un-2-sup-e-sup-quart-tres-show\" target=\"_blank\" rel=\"noopener\"> les m\u00eames efforts que Cholet,<\/a> et \u00e0 ce stade de la saison on n\u2019est pas capable de le faire. [&#8230;] Quand on a le match en main (+7), ils ne reviennent que sur du 1 contre 1 car on est faible sur les duels. \u00bb<\/p>\n<p><strong>Manque de jus \u00e0 la fin\u00a0?<\/strong><\/p>\n<p>\u00ab\u00a0 Peut-\u00eatre mais on doit prendre le match avant. On\u00a0sait que c\u2019est une bonne \u00e9quipe, si on est pr\u00eat comme contre Cholet, on ne prend pas les paniers de ce premier quart, l\u00e0 on est trop soft . On passe bien de -18 \u00e0 +7, mais ce n&rsquo;est pas valid\u00e9 car on est trop inconstant, Williams (Narace) nous manque et \u00e7a se voit encore plus quand d\u2019autres joueurs sont loin du niveau esp\u00e9r\u00e9.\u00a0\u00bb<\/p>\n<p><strong>Quentin Losser (pivot de la JDA Dijon) :<\/strong> \u00ab On a mal commenc\u00e9, on a presque vingt points de retard avant de revenir juste avant la mi-temps. Apr\u00e8s on a montr\u00e9 ce qu\u2019on devait faire depuis la premi\u00e8re minute, on a eu la balle de match, et dans une prolongation d\u00e8s qu&rsquo;une \u00e9quipe prend la t\u00eate, souvent l&rsquo;autre peut l\u00e2cher. C\u2019est rageant car <a href=\"https:\/\/www.bienpublic.com\/sport\/2025\/10\/15\/defaite-aux-prolongations-pour-la-jda-en-coupe-d-europe\" target=\"_blank\" rel=\"noopener\">on pouvait l\u2019accrocher cette victoire<\/a>, on s\u2019est donn\u00e9 \u00e0 fond pour rattraper le retard. Ce qu\u2019on a donn\u00e9 pour revenir sur le long terme, on le paye. On savait qu\u2019ils \u00e9taient adroits sur tous les postes, on a \u00e9t\u00e9 surpris mais on n\u2019aurait pas d\u00fb l\u2019\u00eatre. \u00bb<\/p>\n<p><strong>Vous avez su vous adapter au rebond apr\u00e8s des d\u00e9buts compliqu\u00e9s&#8230;<\/strong><\/p>\n<p>\u00ab Ils ont un ou deux grands, surtout un qui est tr\u00e8s fort dans le domaine. Avec les rotations sur les trappes, on a eu du mal au d\u00e9but, on l\u2019a r\u00e9gul\u00e9 ensuite, et c&rsquo;\u00e9tait mieux mais si on l\u2019avait fait depuis le d\u00e9but, \u00e7a nous aurait bien aid\u00e9s. \u00bb<\/p>\n","protected":false},"excerpt":{"rendered":"Laurent Legname (entraineur de la JDA Dijon) : \u00ab\u00a0 Il y a de la d\u00e9ception, car on aurait&hellip;\n","protected":false},"author":2,"featured_media":466214,"comment_status":"","ping_status":"","sticky":false,"template":"","format":"standard","meta":{"footnotes":""},"categories":[1586],"tags":[11,1791,2931,2930,1777,674,107,1011,27,7721,12,25,517],"class_list":{"0":"post-466213","1":"post","2":"type-post","3":"status-publish","4":"format-standard","5":"has-post-thumbnail","7":"category-europe","8":"tag-actualites","9":"tag-basket-ball","10":"tag-cote-dor","11":"tag-dijon","12":"tag-eu","13":"tag-europe","14":"tag-fil-info","15":"tag-fr","16":"tag-france","17":"tag-jda-dijon-basket","18":"tag-news","19":"tag-republique-francaise","20":"tag-sport"},"share_on_mastodon":{"url":"https:\/\/pubeurope.com\/@fr\/115381155058070829","error":""},"_links":{"self":[{"href":"https:\/\/www.europesays.com\/fr\/wp-json\/wp\/v2\/posts\/466213","targetHints":{"allow":["GET"]}}],"collection":[{"href":"https:\/\/www.europesays.com\/fr\/wp-json\/wp\/v2\/posts"}],"about":[{"href":"https:\/\/www.europesays.com\/fr\/wp-json\/wp\/v2\/types\/post"}],"author":[{"embeddable":true,"href":"https:\/\/www.europesays.com\/fr\/wp-json\/wp\/v2\/users\/2"}],"replies":[{"embeddable":true,"href":"https:\/\/www.europesays.com\/fr\/wp-json\/wp\/v2\/comments?post=466213"}],"version-history":[{"count":0,"href":"https:\/\/www.europesays.com\/fr\/wp-json\/wp\/v2\/posts\/466213\/revisions"}],"wp:featuredmedia":[{"embeddable":true,"href":"https:\/\/www.europesays.com\/fr\/wp-json\/wp\/v2\/media\/466214"}],"wp:attachment":[{"href":"https:\/\/www.europesays.com\/fr\/wp-json\/wp\/v2\/media?parent=466213"}],"wp:term":[{"taxonomy":"category","embeddable":true,"href":"https:\/\/www.europesays.com\/fr\/wp-json\/wp\/v2\/categories?post=466213"},{"taxonomy":"post_tag","embeddable":true,"href":"https:\/\/www.europesays.com\/fr\/wp-json\/wp\/v2\/tags?post=466213"}],"curies":[{"name":"wp","href":"https:\/\/api.w.org\/{rel}","templated":true}]}}