{"id":466215,"date":"2025-10-16T01:04:15","date_gmt":"2025-10-16T01:04:15","guid":{"rendered":"https:\/\/www.europesays.com\/fr\/466215\/"},"modified":"2025-10-16T01:04:15","modified_gmt":"2025-10-16T01:04:15","slug":"lunion-europeenne-agite-la-menace-russe-renforce-ses-defenses-et-augmente-son-budget-militaire","status":"publish","type":"post","link":"https:\/\/www.europesays.com\/fr\/466215\/","title":{"rendered":"L\u2019Union europ\u00e9enne agite la menace russe, renforce ses d\u00e9fenses et augmente son budget militaire"},"content":{"rendered":"<p>En Europe, le risque d\u2019une guerre avec la Russie n\u2019est plus tabou. Les services de renseignements allemands (BND) ont mis en garde, ce lundi sur le risque d\u2019un \u00ab\u00a0conflit militaire direct\u00a0\u00bb avec l\u2019Otan, car Moscou souhaiterait \u00ab\u00a0\u00e9tendre sa zone d\u2019influence vers l\u2019ouest\u00a0\u00bb.<\/p>\n<p>\u00ab\u00a0Nous ne devons pas nous reposer sur nos lauriers en pensant qu\u2019une \u00e9ventuelle attaque russe n\u2019aura pas lieu avant 2029 au plus t\u00f4t. Nous sommes d\u00e9j\u00e0 dans le feu de l\u2019action aujourd\u2019hui\u00a0\u00bb, a pr\u00e9cis\u00e9 Martin J\u00e4ger, le pr\u00e9sident de la BND.<\/p>\n<p>Service militaire\u00a0: le SPD exclu le tirage au sort<\/p>\n<p>C\u2019est dans un tel contexte, avec le survol de drones au-dessus de l\u2019Europe, qu\u2019un compromis au sein de la coalition gouvernementale sur la refonte du service militair<a href=\"https:\/\/www.humanite.fr\/monde\/allemagne\/recession-desindustrialisation-suppressions-demploi-friedrich-merz-enrichit-les-industriels-de-larmement-mais-pas-les-salaries\" rel=\"nofollow noopener\" target=\"_blank\">e, projet phare du chancelier Friedrich Merz (CDU)<\/a> n\u2019a pas \u00e9t\u00e9 obtenu. Le ministre de la D\u00e9fense, Boris Pistorius (SPD), a refus\u00e9 l\u2019option d\u2019un tirage au sort pour regarnir les rangs de l\u2019arm\u00e9e si la progression des effectifs (de 182\u00a0000 \u00e0 au moins 260\u00a0000) n\u2019\u00e9tait pas atteinte.<\/p>\n<p>Ce dernier veut \u00e9toffer les effectifs de la Bundeswehr en misant sur le volontariat. Les conservateurs de la CDU \u00e9taient particuli\u00e8rement remont\u00e9s car ils d\u00e9fendent le projet de doter l\u2019Allemagne de \u00ab\u00a0l\u2019arm\u00e9e conventionnelle la plus puissante d\u2019Europe\u00a0\u00bb.<\/p>\n<p>La passe d\u2019armes a \u00e9galement <a href=\"https:\/\/www.humanite.fr\/monde\/defense\/guerre-en-ukraine-lue-prepare-sa-reponse-aux-survols-repetes-de-drones-russes-les-etats-majors-restent-prudents\" rel=\"nofollow noopener\" target=\"_blank\">port\u00e9 sur la question des drones<\/a>. Le ministre-pr\u00e9sident de Bavi\u00e8re, Markus S\u00f6der (CSU), a appel\u00e9 \u00e0 les abattre quand ils survolaient des sites sensibles. Boris Pistorius s\u2019y est oppos\u00e9\u00a0: \u00ab\u00a0Ce qui nous aide le moins, c\u2019est la rh\u00e9torique du pistolero\u00a0\u00bb.<\/p>\n<p>Dans cette p\u00e9riode de forte escalade, les ministres de la D\u00e9fense de l\u2019Alliance atlantique ont tenu une r\u00e9union \u00e0 Bruxelles, mercredi. Ils ont discut\u00e9 principalement des moyens de renforcer leur soutien \u00e0 l\u2019Ukraine et d\u2019am\u00e9liorer leur s\u00e9curit\u00e9 face aux survols de drones dans le ciel europ\u00e9en. Plusieurs membres r\u00e9clament davantage de moyens. L\u2019Otan envisage ainsi <a href=\"https:\/\/www.humanite.fr\/monde\/emmanuel-macron\/petrolier-fantome-survol-de-laeroport-de-munich-par-des-drones-la-tension-saccroit-et-ravive-la-surenchere-entre-la-russie-et-leurope\" rel=\"nofollow noopener\" target=\"_blank\">d\u2019affiner ses r\u00e8gles d\u2019engagement <\/a>en donnant davantage de flexibilit\u00e9 \u00e0 son commandement militaire.<\/p>\n<p>Face aux drones russes, l\u2019Europe renforce sa d\u00e9fense<\/p>\n<p>De son c\u00f4t\u00e9, <a href=\"https:\/\/www.humanite.fr\/monde\/drones\/survol-de-drones-entre-lotan-et-la-russie-un-cycle-de-tensions-au-dessus-de-leurope\" rel=\"nofollow noopener\" target=\"_blank\">l\u2019Union europ\u00e9enne devrait acter jeudi le projet d\u2019un mur anti-drone<\/a>. L\u2019Otan a d\u00e9j\u00e0 donn\u00e9 son aval. C\u2019est la Commission europ\u00e9enne qui doit pr\u00e9senter les grandes lignes de ce plan, nomm\u00e9 \u00ab\u00a0Initiative europ\u00e9enne pour les drones\u00a0\u00bb (Eddi). Si des zones d\u2019ombres demeurent autour des multiples incursions de drones, une partie a \u00e9t\u00e9 imput\u00e9e \u00e0 la Russie. Le projet doit \u00eatre pleinement op\u00e9rationnel d\u2019ici \u00e0 2027, et entend s\u2019appuyer sur l\u2019exp\u00e9rience acquise par l\u2019Ukraine. Kiev dispose d\u00e9sormais d\u2019une industrie de fabrication de drones et surtout d\u2019intercepteurs.<\/p>\n<p>D\u2019apr\u00e8s l\u2019AFP qui a eu acc\u00e8s au document, cette initiative sera d\u2019abord mise en \u0153uvre dans les pays frontaliers de la Russie et sur le flanc oriental de l\u2019UE, avant d\u2019\u00eatre \u00e9tendue. Le dialogue, lui, passera apr\u00e8s.<\/p>\n<p>Une escalade militaire de plus entre l\u2019Europe et la Russie, alors que la mer Baltique devient un nouvel espace de tensions. Avec <a href=\"https:\/\/www.humanite.fr\/monde\/hongrie\/otan-la-hongrie-ratifie-ladhesion-de-la-suede\" rel=\"nofollow noopener\" target=\"_blank\">l\u2019entr\u00e9e dans l\u2019Otan de la Finlande et de la Su\u00e8de<\/a>, apr\u00e8s l\u2019invasion russe de l\u2019Ukraine, en 2022, les pays membres de l\u2019Alliance encerclent d\u00e9finitivement l\u2019acc\u00e8s maritime de Moscou.<\/p>\n<p>Le gouvernement su\u00e9dois ne minimise en aucun cas la menace. Stockholm a renforc\u00e9 depuis quatre ans son concept de \u00ab\u00a0d\u00e9fense totale\u00a0\u00bb r\u00e9activ\u00e9 en 2015, apr\u00e8s l\u2019occupation de la Crim\u00e9e par la Russie.<\/p>\n<p>La Su\u00e8de pr\u00e9pare des stocks alimentaires face \u00e0 la menace russe<\/p>\n<p>Comme d\u2019autres pays, notamment la Pologne et la Finlande, la pr\u00e9paration \u00e0 une confrontation avec Moscou est clairement envisag\u00e9e. Elle permet de valider une hausse des budgets militaires et de nouvelles mesures. Le premier ministre su\u00e9dois, Ulf Kristersson, a annonc\u00e9 mardi que les premiers stocks de c\u00e9r\u00e9ales \u00e0 utiliser en cas de guerre ou de crise vont \u00eatre mis en place pour les comt\u00e9s de Norrbotten, V\u00e4sterbotten, V\u00e4sternorrland et J\u00e4mtland.<\/p>\n<p>Ces derniers d\u00e9pendent enti\u00e8rement des transports en provenance du sud du pays pour assurer leur approvisionnement alimentaire. \u00ab\u00a0Le nord de la Su\u00e8de est d\u2019une importance strat\u00e9gique militaire et constitue une priorit\u00e9 particuli\u00e8re pour la d\u00e9fense totale\u00a0\u00bb, a justifi\u00e9 Carl-Oskar Bohlin, ministre de la D\u00e9fense civile, dans un communiqu\u00e9.<\/p>\n<p>Autre \u00e9l\u00e9ment de cette escalade sans nuance\u00a0: la Pologne vient de demander \u00e0 l\u2019Allemagne d\u2019arr\u00eater son enqu\u00eate sur Nord Stream, r\u00e9v\u00e8le le Financial Times. S\u0142awomir Cenckiewicz, qui dirige le bureau de la s\u00e9curit\u00e9 nationale polonais, est un conseiller cl\u00e9 du pr\u00e9sident Karol Nawrocki, et a d\u00e9clar\u00e9 au quotidien que Berlin ne devrait pas poursuivre la proc\u00e9dure si elle souhaitait aligner sa politique envers la Russie sur celle de la Pologne et des autres alli\u00e9s de l\u2019OTAN.<\/p>\n<p>Depuis le sabotage en 2022 du gazoduc, l\u2019Allemagne a \u00e9mis un mandat d\u2019arr\u00eat en 2024 contre un moniteur de plong\u00e9e ukrainien. Ce dernier a \u00e9t\u00e9 interpell\u00e9 en Pologne, le 30\u00a0septembre. Son avocat d\u00e9nonce \u00ab\u00a0l\u2019\u00e9mission de ce mandat d\u2019arr\u00eat europ\u00e9en par l\u2019Allemagne\u00a0\u00bb, en raison \u00ab\u00a0du fait qu\u2019une guerre totale est en cours entre l\u2019Ukraine et la Russie\u00a0\u00bb.<\/p>\n<p>\u00catre le journal de la paix, notre d\u00e9fi quotidien<\/p>\n<p>Depuis Jaur\u00e8s, la d\u00e9fense de la paix est dans notre ADN.<\/p>\n<ul class=\"wp-block-list\">\n<li>Qui informe encore aujourd\u2019hui sur <strong>les actions des pacifistes<\/strong> pour le d\u00e9sarmement\u00a0?<\/li>\n<li>Combien de m\u00e9dias rappellent que <strong>les combats de d\u00e9colonisation <\/strong>ont encore cours, et qu\u2019ils doivent \u00eatre soutenus\u00a0?<\/li>\n<li>Combien valorisent les <strong>solidarit\u00e9s internationales<\/strong>, et s\u2019engagent sans ambigu\u00eft\u00e9 aux c\u00f4t\u00e9s des exil\u00e9s\u00a0?<\/li>\n<\/ul>\n<p><strong>Nos valeurs n\u2019ont pas de fronti\u00e8res.<\/strong><\/p>\n<p>Aidez-nous \u00e0 soutenir le droit \u00e0 l\u2019autod\u00e9termination et l\u2019option de la paix.<br \/><a href=\"https:\/\/www.humanite.fr\/lhumanite-cest-vous\" rel=\"nofollow noopener\" target=\"_blank\">Je veux en savoir plus\u00a0!<\/a><\/p>\n","protected":false},"excerpt":{"rendered":"En Europe, le risque d\u2019une guerre avec la Russie n\u2019est plus tabou. Les services de renseignements allemands (BND)&hellip;\n","protected":false},"author":2,"featured_media":466216,"comment_status":"","ping_status":"","sticky":false,"template":"","format":"standard","meta":{"footnotes":""},"categories":[1586],"tags":[11,672,2024,1777,674,1779,1011,27,12,136,25,132,43747,1778,364],"class_list":{"0":"post-466215","1":"post","2":"type-post","3":"status-publish","4":"format-standard","5":"has-post-thumbnail","7":"category-europe","8":"tag-actualites","9":"tag-allemagne","10":"tag-drones","11":"tag-eu","12":"tag-europe","13":"tag-european-union","14":"tag-fr","15":"tag-france","16":"tag-news","17":"tag-otan","18":"tag-republique-francaise","19":"tag-russie","20":"tag-suu00e8de","21":"tag-ue","22":"tag-union-europeenne"},"share_on_mastodon":{"url":"https:\/\/pubeurope.com\/@fr\/115381158906334318","error":""},"_links":{"self":[{"href":"https:\/\/www.europesays.com\/fr\/wp-json\/wp\/v2\/posts\/466215","targetHints":{"allow":["GET"]}}],"collection":[{"href":"https:\/\/www.europesays.com\/fr\/wp-json\/wp\/v2\/posts"}],"about":[{"href":"https:\/\/www.europesays.com\/fr\/wp-json\/wp\/v2\/types\/post"}],"author":[{"embeddable":true,"href":"https:\/\/www.europesays.com\/fr\/wp-json\/wp\/v2\/users\/2"}],"replies":[{"embeddable":true,"href":"https:\/\/www.europesays.com\/fr\/wp-json\/wp\/v2\/comments?post=466215"}],"version-history":[{"count":0,"href":"https:\/\/www.europesays.com\/fr\/wp-json\/wp\/v2\/posts\/466215\/revisions"}],"wp:featuredmedia":[{"embeddable":true,"href":"https:\/\/www.europesays.com\/fr\/wp-json\/wp\/v2\/media\/466216"}],"wp:attachment":[{"href":"https:\/\/www.europesays.com\/fr\/wp-json\/wp\/v2\/media?parent=466215"}],"wp:term":[{"taxonomy":"category","embeddable":true,"href":"https:\/\/www.europesays.com\/fr\/wp-json\/wp\/v2\/categories?post=466215"},{"taxonomy":"post_tag","embeddable":true,"href":"https:\/\/www.europesays.com\/fr\/wp-json\/wp\/v2\/tags?post=466215"}],"curies":[{"name":"wp","href":"https:\/\/api.w.org\/{rel}","templated":true}]}}