{"id":466219,"date":"2025-10-16T01:06:19","date_gmt":"2025-10-16T01:06:19","guid":{"rendered":"https:\/\/www.europesays.com\/fr\/466219\/"},"modified":"2025-10-16T01:06:19","modified_gmt":"2025-10-16T01:06:19","slug":"dembele-doue-barcola-le-point-sur-les-blesses-du-psg","status":"publish","type":"post","link":"https:\/\/www.europesays.com\/fr\/466219\/","title":{"rendered":"Demb\u00e9l\u00e9, Dou\u00e9, Barcola\u2026 Le point sur les bless\u00e9s du PSG &#8211;"},"content":{"rendered":"<p><img width=\"700\" height=\"467\" src=\"https:\/\/www.europesays.com\/fr\/wp-content\/uploads\/2025\/10\/Doue-Dembele.jpg\" class=\"attachment-jannah-image-post size-jannah-image-post wp-post-image\" alt=\"Doue\u0301 dembe\u0301le\u0301\" is_main_img=\"1\" decoding=\"async\" fetchpriority=\"high\"  \/><\/p>\n<p>Vendredi soir (20h45, Ligue 1 +), le PSG re\u00e7oit Strasbourg<br \/>\ndans le cadre de la huiti\u00e8me journ\u00e9e de Ligue 1. Un match qui<br \/>\npourrait voir de nombreux bless\u00e9s \u00eatre aptes.<\/p>\n<p>Le <strong>PSG<\/strong> n\u2019a pas \u00e9t\u00e9 \u00e9pargn\u00e9 par les blessures en<br \/>\nce d\u00e9but de saison 2025-2026. Plusieurs de ses joueurs sont absents<br \/>\ndepuis plusieurs semaines. Mais la rencontre contre<br \/>\n<strong>Strasbourg<\/strong> \u2013 au <strong>Parc des Princes<\/strong><br \/>\n\u2013 vendredi soir dans le cadre de la huiti\u00e8me journ\u00e9e de<br \/>\n<strong>Ligue 1<\/strong> pourrait permettre \u00e0 <strong>Luis<br \/>\nEnrique<\/strong> de retrouver de nombreux joueurs bless\u00e9s. Victime<br \/>\nd\u2019une l\u00e9sion \u00e0 l\u2019ischio-jambier droit le 5 septembre dernier avec<br \/>\nl\u2019\u00e9quipe de France, <strong>Ousmane Demb\u00e9l\u00e9<\/strong> a retrouv\u00e9 des<br \/>\n<a href=\"https:\/\/canal-supporters.com\/ousmane-dembele-de-retour-sur-les-terrains-apres-la-treve\/\" title=\"\" target=\"_blank\" rel=\"noopener\">bonnes sensations<\/a> depuis qu\u2019il a retouch\u00e9 le ballon et<br \/>\nsa pr\u00e9sence dans le groupe parisien pour le match contre<br \/>\n<strong>Strasbourg<\/strong>, avance Le Parisien. \u00ab\u00a0En l\u2019\u00e9tat,<br \/>\naucune d\u00e9cision d\u00e9finitive n\u2019a encore \u00e9t\u00e9 prise par Luis Enrique<br \/>\nquant \u00e0 sa participation. L\u2019Espagnol souhaite prendre le pouls de<br \/>\nson groupe qui affiche des \u00e9tats de forme disparate apr\u00e8s cette<br \/>\nfen\u00eatre internationale. Il attendra le dernier entra\u00eenement jeudi<br \/>\nen fin de journ\u00e9e (17\u00a0heures) pour trancher sur ce cas \u00f4<br \/>\ncombien symbolique et surveill\u00e9 de pr\u00e8s par le staff qui ne veut<br \/>\npas prendre le moindre risque, m\u00eame si les r\u00e9cents signaux sont<br \/>\npositifs.\u00a0\u00bb<\/p>\n<p>A voir aussi : <a href=\"https:\/\/canal-supporters.com\/barcola-forfait-avec-les-bleus-lesion-chronique-ou-simple-gene-le-psg-contredit-la-fff\/\" title=\"\" target=\"_blank\" rel=\"noopener\">Barcola Forfait avec les Bleus : L\u00e9sion Chronique ou<br \/>\nSimple G\u00eane ? Le PSG Contredit la FFF !<\/a><\/p>\n<p><a href=\"https:\/\/x.com\/CanalSupporters\" target=\"_blank\" rel=\"noopener\" title=\"\">canalsupporters.com<\/a><\/p>\n<p>Une d\u00e9cision<br \/>\nsera prise demain pour Demb\u00e9l\u00e9<\/p>\n<p>En ce qui concerne <strong>D\u00e9sir\u00e9 Dou\u00e9<\/strong>, touch\u00e9 au<br \/>\nmollet lors du m\u00eame rassemblement avec <strong>l\u2019\u00e9quipe de<br \/>\nFrance<\/strong>, de l\u2019optimisme entoure le cas du num\u00e9ro 14 du<br \/>\n<strong>PSG<\/strong>, assure le quotidien francilien. \u00ab\u00a0Il<br \/>\na pris le temps n\u00e9cessaire pour revenir \u00e0 la comp\u00e9tition. Le staff<br \/>\nn\u2019a pas voulu non plus pr\u00e9cipiter le retour sur les terrains d\u2019un<br \/>\njoueur qui a connu sa premi\u00e8re grosse blessure avec le<br \/>\n<strong>PSG<\/strong>. Le voir figurer dans le groupe convoqu\u00e9 par<br \/>\n<strong>Luis Enrique<\/strong> est un sc\u00e9nario tr\u00e8s<br \/>\nplausible.\u00a0\u00bb <strong>Bradley Barcola<\/strong>, qui avait<br \/>\nressenti des douleurs \u00e0 la cuisse avant la tr\u00eave, effectuera des<br \/>\ntests un peu plus pouss\u00e9s lors de la s\u00e9ance de jeudi. L\u00e0 aussi, une<br \/>\nd\u00e9cision d\u00e9finitive quant \u00e0 sa pr\u00e9sence au match face \u00e0<br \/>\n<strong>Strasbourg<\/strong> sera prise \u00e0 l\u2019issue de l\u2019entra\u00eenement,<br \/>\nen fonction des sensations du joueur et de celles de<br \/>\n<strong>Kvaratskhelia<\/strong> qui a disput\u00e9 159 minutes avec la<br \/>\n<strong>G\u00e9orgie<\/strong> alors qu\u2019il avait manqu\u00e9 les deux<br \/>\npr\u00e9c\u00e9dents matchs du <strong>PSG<\/strong> (g\u00eane musculaire<br \/>\nischio-jambier), lance Le Parisien. Un point sera fait,<br \/>\npar ailleurs, pour d\u00e9cider des participations de <strong>Fabian<br \/>\nRuiz<\/strong>, <strong>Jo\u00e3o Neves<\/strong> et <strong>Senny<br \/>\nMayulu<\/strong>, tandis que le capitaine <strong><a href=\"https:\/\/canal-supporters.com\/marquinhos-devrait-encore-manquer-plusieurs-matches-du-psg\/\" title=\"\" target=\"_blank\" rel=\"noopener\">Marquinhos<\/a><\/strong>, bless\u00e9 au quadriceps gauche,<br \/>\nmanquera une nouvelle fois \u00e0 l\u2019appel, conclut le quotidien<br \/>\nfrancilien.<\/p><\/p>\n","protected":false},"excerpt":{"rendered":"Vendredi soir (20h45, Ligue 1 +), le PSG re\u00e7oit Strasbourg dans le cadre de la huiti\u00e8me journ\u00e9e de&hellip;\n","protected":false},"author":2,"featured_media":444106,"comment_status":"","ping_status":"","sticky":false,"template":"","format":"standard","meta":{"footnotes":""},"categories":[2],"tags":[57392,11,12460,9707,81,787,12732,1640,1643,4479,14700,1011,27,57393,87,13297,26782,66,1611,921,1612,16044,12,2782,626,91,92,93,50653,57394,57395,25,36662,1615,96],"class_list":{"0":"post-466219","1":"post","2":"type-post","3":"status-publish","4":"format-standard","5":"has-post-thumbnail","7":"category-actualites","8":"tag-8e-journee","9":"tag-actualites","10":"tag-barcola","11":"tag-bradley-barcola","12":"tag-canal-supporters","13":"tag-cs","14":"tag-dembele","15":"tag-desire-doue","16":"tag-doue","17":"tag-enrique","18":"tag-fabian-ruiz","19":"tag-fr","20":"tag-france","21":"tag-huitieme-journee","22":"tag-joao-neves","23":"tag-khvicha-kvaratskhelia","24":"tag-kvaratskhelia","25":"tag-ligue-1","26":"tag-ligue-1-macdonalds","27":"tag-luis-enrique","28":"tag-mayulu","29":"tag-neves","30":"tag-news","31":"tag-ousmane-dembele","32":"tag-paris","33":"tag-paris-saint-germain","34":"tag-paris-sg","35":"tag-psg","36":"tag-psg-strasbourg","37":"tag-psg-rcsa","38":"tag-psgrcsa","39":"tag-republique-francaise","40":"tag-ruiz","41":"tag-senny-mayulu","42":"tag-une"},"share_on_mastodon":{"url":"https:\/\/pubeurope.com\/@fr\/115381167123326473","error":""},"_links":{"self":[{"href":"https:\/\/www.europesays.com\/fr\/wp-json\/wp\/v2\/posts\/466219","targetHints":{"allow":["GET"]}}],"collection":[{"href":"https:\/\/www.europesays.com\/fr\/wp-json\/wp\/v2\/posts"}],"about":[{"href":"https:\/\/www.europesays.com\/fr\/wp-json\/wp\/v2\/types\/post"}],"author":[{"embeddable":true,"href":"https:\/\/www.europesays.com\/fr\/wp-json\/wp\/v2\/users\/2"}],"replies":[{"embeddable":true,"href":"https:\/\/www.europesays.com\/fr\/wp-json\/wp\/v2\/comments?post=466219"}],"version-history":[{"count":0,"href":"https:\/\/www.europesays.com\/fr\/wp-json\/wp\/v2\/posts\/466219\/revisions"}],"wp:featuredmedia":[{"embeddable":true,"href":"https:\/\/www.europesays.com\/fr\/wp-json\/wp\/v2\/media\/444106"}],"wp:attachment":[{"href":"https:\/\/www.europesays.com\/fr\/wp-json\/wp\/v2\/media?parent=466219"}],"wp:term":[{"taxonomy":"category","embeddable":true,"href":"https:\/\/www.europesays.com\/fr\/wp-json\/wp\/v2\/categories?post=466219"},{"taxonomy":"post_tag","embeddable":true,"href":"https:\/\/www.europesays.com\/fr\/wp-json\/wp\/v2\/tags?post=466219"}],"curies":[{"name":"wp","href":"https:\/\/api.w.org\/{rel}","templated":true}]}}