{"id":466222,"date":"2025-10-16T01:10:21","date_gmt":"2025-10-16T01:10:21","guid":{"rendered":"https:\/\/www.europesays.com\/fr\/466222\/"},"modified":"2025-10-16T01:10:21","modified_gmt":"2025-10-16T01:10:21","slug":"championship-justin-sangare-prend-la-direction-de-york-rugby-a-xiii","status":"publish","type":"post","link":"https:\/\/www.europesays.com\/fr\/466222\/","title":{"rendered":"Championship &#8211; Justin Sangar\u00e9 prend la direction de York &#8211; Rugby \u00e0 XIII"},"content":{"rendered":"<p style=\"text-align: justify;\"><strong>Les Knights ont\u00a0<\/strong><b>officialis\u00e9 le recrutement du pilier fran\u00e7ais Justin Sangar\u00e9 pour 2026, en provenance des Red Devils de Salford.<\/b><\/p>\n<p style=\"text-align: justify;\">York ne s\u2019arr\u00eate plus sur le march\u00e9 des transferts ! Apr\u00e8s avoir r\u00e9cemment annonc\u00e9 le capitaine de Castleford Sam Wood, les Knights officialisent maintenant le colosse fran\u00e7ais Justin Sangar\u00e9 en provenance de Salford.<\/p>\n<p>Saison cauchemardesque pour Salford<\/p>\n<p style=\"text-align: justify;\">Justin Sangar\u00e9 sera rest\u00e9 fid\u00e8le jusqu\u2019au bout \u00e0 Salford. Les Red Devils ont pass\u00e9 une saison catastrophique avec des probl\u00e8mes extra-sportifs qui ont pes\u00e9 sur le sportif. Beaucoup de joueurs sont partis en cours de saison, mais le pilier fran\u00e7ais est rest\u00e9 pour respecter ses engagements. Malgr\u00e9 la saison compliqu\u00e9e de son club, il a su sortir du lot. Auteur de 23 matchs cette saison, il a inscrit 4 essais, dont un doubl\u00e9 lors de la surprenante victoire \u00e0 Warrington (12-25) comptant pour la 24\u00e8me journ\u00e9e de Super League. Ce doubl\u00e9 lui a d\u2019ailleurs valu une place dans l\u2019\u00e9quipe type de la semaine.<\/p>\n<p>Nouveau challenge<\/p>\n<p style=\"text-align: justify;\">L\u2019ancien joueur de Leeds quitte donc Salford un an apr\u00e8s sa venue, et rejoint les Knights de York et leur projet ambitieux. Justin Sangar\u00e9 compte aujourd\u2019hui 86 matchs de Super League dans sa carri\u00e8re, et son exp\u00e9rience dans l\u2019\u00e9lite du championnat anglais sera b\u00e9n\u00e9fique pour les Knights. Ils esp\u00e8rent toujours \u00e9voluer en Super League l\u2019ann\u00e9e prochaine malgr\u00e9 la d\u00e9faite en finale de Championship face au Toulouse Olympique (8-10). Avec l\u2019arriv\u00e9e de Paul Vaughan, Josh Griffin, Sam Wood et Justin Sangar\u00e9, York met tout en \u0153uvre pour \u00e9voluer dans de bonnes conditions en Super League.<\/p>\n<p style=\"text-align: justify;\"><a href=\"https:\/\/treizemondial.fr\/quand-seront-connus-les-14-clubs-de-super-league-2026\/\" target=\"_blank\" rel=\"noopener\">Les notes IMG sortiront le 16 octobre<\/a> pour connaitre les 12 premiers clubs qui \u00e9volueront en Super League la saison prochaine. Pour les 13\u00e8me et 14\u00e8me clubs, il faudra attendre le lendemain 17 octobre.<\/p>\n<p style=\"text-align: justify;\">Justin Sangar\u00e9 s\u2019exprime apr\u00e8s sa signature :<\/p>\n<blockquote>\n<p style=\"text-align: justify;\">Je suis ravi et honor\u00e9 de jouer pour York. Je suis pr\u00eat \u00e0 me battre pour le club et \u00e0 \u00e9crire l\u2019histoire des York Knights. Dieu merci pour cette nouvelle opportunit\u00e9.<\/p>\n<\/blockquote>\n<p style=\"text-align: justify;\">Mark Applegarth, entra\u00eeneur de York, r\u00e9agit \u00e9galement apr\u00e8s la venue du pilier fran\u00e7ais :<\/p>\n<blockquote>\n<p style=\"text-align: justify;\">Je suis ravi de l\u2019avoir. Il nous offre une perspective diff\u00e9rente en tant que joueur de premi\u00e8re ligne. Il a beaucoup d\u2019impact. Il saura cr\u00e9er des br\u00e8ches dans n\u2019importe quelle d\u00e9fense. J\u2019ai h\u00e2te de travailler avec lui.<\/p>\n<\/blockquote>\n<blockquote class=\"instagram-media\" data-instgrm-captioned=\"\" data-instgrm-permalink=\"https:\/\/www.instagram.com\/reel\/DPyYVGmDDyl\/?utm_source=ig_embed&amp;utm_campaign=loading\" data-instgrm-version=\"14\" style=\" background:#FFF; border:0; border-radius:3px; box-shadow:0 0 1px 0 rgba(0,0,0,0.5),0 1px 10px 0 rgba(0,0,0,0.15); margin: 1px; max-width:500px; min-width:326px; padding:0; width:99.375%; width:-webkit-calc(100% - 2px); width:calc(100% - 2px);\">\n<\/blockquote>\n<p>        <script async src=\"\/\/www.instagram.com\/embed.js\"><\/script><\/p>\n","protected":false},"excerpt":{"rendered":"Les Knights ont\u00a0officialis\u00e9 le recrutement du pilier fran\u00e7ais Justin Sangar\u00e9 pour 2026, en provenance des Red Devils de&hellip;\n","protected":false},"author":2,"featured_media":466223,"comment_status":"","ping_status":"","sticky":false,"template":"","format":"standard","meta":{"footnotes":""},"categories":[1416],"tags":[1011,27,58998,479,2228,1468,2229,60,58999],"class_list":{"0":"post-466222","1":"post","2":"type-post","3":"status-publish","4":"format-standard","5":"has-post-thumbnail","7":"category-rugby","8":"tag-fr","9":"tag-france","10":"tag-justin-sangare","11":"tag-rugby","12":"tag-rugby-a-xiii","13":"tag-rugby-football","14":"tag-rugby-league","15":"tag-sports","16":"tag-york-rlfc-knights"},"share_on_mastodon":{"url":"https:\/\/pubeurope.com\/@fr\/115381182404292015","error":""},"_links":{"self":[{"href":"https:\/\/www.europesays.com\/fr\/wp-json\/wp\/v2\/posts\/466222","targetHints":{"allow":["GET"]}}],"collection":[{"href":"https:\/\/www.europesays.com\/fr\/wp-json\/wp\/v2\/posts"}],"about":[{"href":"https:\/\/www.europesays.com\/fr\/wp-json\/wp\/v2\/types\/post"}],"author":[{"embeddable":true,"href":"https:\/\/www.europesays.com\/fr\/wp-json\/wp\/v2\/users\/2"}],"replies":[{"embeddable":true,"href":"https:\/\/www.europesays.com\/fr\/wp-json\/wp\/v2\/comments?post=466222"}],"version-history":[{"count":0,"href":"https:\/\/www.europesays.com\/fr\/wp-json\/wp\/v2\/posts\/466222\/revisions"}],"wp:featuredmedia":[{"embeddable":true,"href":"https:\/\/www.europesays.com\/fr\/wp-json\/wp\/v2\/media\/466223"}],"wp:attachment":[{"href":"https:\/\/www.europesays.com\/fr\/wp-json\/wp\/v2\/media?parent=466222"}],"wp:term":[{"taxonomy":"category","embeddable":true,"href":"https:\/\/www.europesays.com\/fr\/wp-json\/wp\/v2\/categories?post=466222"},{"taxonomy":"post_tag","embeddable":true,"href":"https:\/\/www.europesays.com\/fr\/wp-json\/wp\/v2\/tags?post=466222"}],"curies":[{"name":"wp","href":"https:\/\/api.w.org\/{rel}","templated":true}]}}