{"id":466224,"date":"2025-10-16T01:11:13","date_gmt":"2025-10-16T01:11:13","guid":{"rendered":"https:\/\/www.europesays.com\/fr\/466224\/"},"modified":"2025-10-16T01:11:13","modified_gmt":"2025-10-16T01:11:13","slug":"european-open-raphael-collignon-se-hisse-en-quart-de-finale-gilles-arnaud-bailly-stoppe-par-jiri-lehecka","status":"publish","type":"post","link":"https:\/\/www.europesays.com\/fr\/466224\/","title":{"rendered":"European Open : Rapha\u00ebl Collignon se hisse en quart de finale, Gilles-Arnaud Bailly stopp\u00e9 par Jiri Lehecka"},"content":{"rendered":"<p>Devant le public du Palais 12, le N.3 belge a triomph\u00e9 de l&rsquo;Argentin <strong>Francisco Comesa\u00f1a<\/strong> (ATP 68) 7-5, 3-6, 7-6 (12\/10). <strong>Rapha\u00ebl Collignon<\/strong> s&rsquo;est impos\u00e9 sur sa sixi\u00e8me balle de match, apr\u00e8s 2 heures et 36 minutes. Le Li\u00e9geois a \u00e9galement d\u00fb sauver une balle de match dans un jeu d\u00e9cisif particuli\u00e8rement disput\u00e9.<\/p>\n<p>Ce n&rsquo;est que la deuxi\u00e8me fois que Collignon remporte deux matchs cons\u00e9cutifs dans le tableau final d&rsquo;un tournoi ATP 250 ou plus. Il \u00e9tait parvenu au troisi\u00e8me tour de l&rsquo;US Open en ao\u00fbt dernier.<\/p>\n<p>D\u00e9sormais, le Li\u00e9geois attend le vainqueur de la confrontation entre l&rsquo;Am\u00e9ricain Marcos Giron (ATP 54) et l&rsquo;Espagnol Alejandro Davidovich Fokina (ATP 20), 4e t\u00eate de s\u00e9rie \u00e0 Bruxelles.<\/p>\n<p>Rapha\u00ebl Collignon est le seul Belge qui reste dans le tableau de simple du European Open. Il a en effet \u00e9limin\u00e9 Zizou Bergs (ATP 39) au premier tour, mardi.<\/p>\n<p>David Goffin (ATP 105) \u00e9tait quant \u00e0 lui tomb\u00e9 face \u00e0 Francisco Comesa\u00f1a. Gilles-Arnaud Bailly (ATP 247), qui s&rsquo;est extrait du tableau qualificatif, a \u00e9t\u00e9 sorti au deuxi\u00e8me tour par le Tch\u00e8que Jiri Lehecka (ATP 17\/N.3), plus t\u00f4t dans la journ\u00e9e.<\/p>\n<p>En double, Alexander Blockx (ATP D-645) et Tibo Colson (ATP D-730) se produiront devant le public bruxellois jeudi. Ils joueront leur deuxi\u00e8me tour contre la t\u00eate de s\u00e9rie N.4 des Br\u00e9siliens Rafael Matos (ATP D-47) et Marcelo Melo (ATP D-52). Blockx et Colson ont tous les deux \u00e9t\u00e9 \u00e9limin\u00e9s au second tour des qualifications en simple.<\/p>\n","protected":false},"excerpt":{"rendered":"Devant le public du Palais 12, le N.3 belge a triomph\u00e9 de l&rsquo;Argentin Francisco Comesa\u00f1a (ATP 68) 7-5,&hellip;\n","protected":false},"author":2,"featured_media":466225,"comment_status":"","ping_status":"","sticky":false,"template":"","format":"standard","meta":{"footnotes":""},"categories":[1415],"tags":[1011,27,60,1467],"class_list":{"0":"post-466224","1":"post","2":"type-post","3":"status-publish","4":"format-standard","5":"has-post-thumbnail","7":"category-tennis","8":"tag-fr","9":"tag-france","10":"tag-sports","11":"tag-tennis"},"share_on_mastodon":{"url":"https:\/\/pubeurope.com\/@fr\/115381186307986370","error":""},"_links":{"self":[{"href":"https:\/\/www.europesays.com\/fr\/wp-json\/wp\/v2\/posts\/466224","targetHints":{"allow":["GET"]}}],"collection":[{"href":"https:\/\/www.europesays.com\/fr\/wp-json\/wp\/v2\/posts"}],"about":[{"href":"https:\/\/www.europesays.com\/fr\/wp-json\/wp\/v2\/types\/post"}],"author":[{"embeddable":true,"href":"https:\/\/www.europesays.com\/fr\/wp-json\/wp\/v2\/users\/2"}],"replies":[{"embeddable":true,"href":"https:\/\/www.europesays.com\/fr\/wp-json\/wp\/v2\/comments?post=466224"}],"version-history":[{"count":0,"href":"https:\/\/www.europesays.com\/fr\/wp-json\/wp\/v2\/posts\/466224\/revisions"}],"wp:featuredmedia":[{"embeddable":true,"href":"https:\/\/www.europesays.com\/fr\/wp-json\/wp\/v2\/media\/466225"}],"wp:attachment":[{"href":"https:\/\/www.europesays.com\/fr\/wp-json\/wp\/v2\/media?parent=466224"}],"wp:term":[{"taxonomy":"category","embeddable":true,"href":"https:\/\/www.europesays.com\/fr\/wp-json\/wp\/v2\/categories?post=466224"},{"taxonomy":"post_tag","embeddable":true,"href":"https:\/\/www.europesays.com\/fr\/wp-json\/wp\/v2\/tags?post=466224"}],"curies":[{"name":"wp","href":"https:\/\/api.w.org\/{rel}","templated":true}]}}