{"id":466226,"date":"2025-10-16T01:12:41","date_gmt":"2025-10-16T01:12:41","guid":{"rendered":"https:\/\/www.europesays.com\/fr\/466226\/"},"modified":"2025-10-16T01:12:41","modified_gmt":"2025-10-16T01:12:41","slug":"les-jo-de-los-angeles-prepares-en-maurienne-pour-les-equipes-de-france","status":"publish","type":"post","link":"https:\/\/www.europesays.com\/fr\/466226\/","title":{"rendered":"les JO de Los Angeles pr\u00e9par\u00e9s en Maurienne pour les \u00e9quipes de France\u00a0?"},"content":{"rendered":"<p>L\u2019\u00e9quipe de France masculine de handball est venue \u00e0 trois reprises pr\u00e9parer les JO en Maurienne. Bilan\u00a0: \u00ab\u00a0deux titres et une place de vice-champion olympique\u00a0\u00bb, rappelle Fr\u00e9d\u00e9ric Pitton, qui a accueilli Claude Onesta et ses troupes \u00e0 La Toussuire, alors qu\u2019il y dirigeait l\u2019office de tourisme. Aujourd\u2019hui \u00e0 la t\u00eate de \u201cMaurienne Impulsion\u201d, il est \u00e0 la man\u0153uvre, entre les collectivit\u00e9s et la F\u00e9d\u00e9ration fran\u00e7aise de basket-ball, pour cr\u00e9er les conditions d\u2019un accueil r\u00e9gulier, dans le m\u00eame style.<\/p>\n<p>Alain Contensoux, directeur technique national, et Yann&#8230;<\/p>\n","protected":false},"excerpt":{"rendered":"L\u2019\u00e9quipe de France masculine de handball est venue \u00e0 trois reprises pr\u00e9parer les JO en Maurienne. Bilan\u00a0: \u00ab\u00a0deux&hellip;\n","protected":false},"author":2,"featured_media":466227,"comment_status":"","ping_status":"","sticky":false,"template":"","format":"standard","meta":{"footnotes":""},"categories":[1414],"tags":[1465,1791,1464,33,7001,7003,1011,27,3996,17015,25691,5508,104,517,60,602],"class_list":{"0":"post-466226","1":"post","2":"type-post","3":"status-publish","4":"format-standard","5":"has-post-thumbnail","7":"category-basket","8":"tag-basket","9":"tag-basket-ball","10":"tag-basketball","11":"tag-economie","12":"tag-edition-chambery-aix-les-bains","13":"tag-edition-tarentaise-maurienne","14":"tag-fr","15":"tag-france","16":"tag-jeux-olympiques","17":"tag-saint-jean-de-maurienne","18":"tag-saint-jean-de-maurienne-bassin","19":"tag-savoie","20":"tag-societe","21":"tag-sport","22":"tag-sports","23":"tag-tourisme"},"share_on_mastodon":{"url":"https:\/\/pubeurope.com\/@fr\/115381190199087887","error":""},"_links":{"self":[{"href":"https:\/\/www.europesays.com\/fr\/wp-json\/wp\/v2\/posts\/466226","targetHints":{"allow":["GET"]}}],"collection":[{"href":"https:\/\/www.europesays.com\/fr\/wp-json\/wp\/v2\/posts"}],"about":[{"href":"https:\/\/www.europesays.com\/fr\/wp-json\/wp\/v2\/types\/post"}],"author":[{"embeddable":true,"href":"https:\/\/www.europesays.com\/fr\/wp-json\/wp\/v2\/users\/2"}],"replies":[{"embeddable":true,"href":"https:\/\/www.europesays.com\/fr\/wp-json\/wp\/v2\/comments?post=466226"}],"version-history":[{"count":0,"href":"https:\/\/www.europesays.com\/fr\/wp-json\/wp\/v2\/posts\/466226\/revisions"}],"wp:featuredmedia":[{"embeddable":true,"href":"https:\/\/www.europesays.com\/fr\/wp-json\/wp\/v2\/media\/466227"}],"wp:attachment":[{"href":"https:\/\/www.europesays.com\/fr\/wp-json\/wp\/v2\/media?parent=466226"}],"wp:term":[{"taxonomy":"category","embeddable":true,"href":"https:\/\/www.europesays.com\/fr\/wp-json\/wp\/v2\/categories?post=466226"},{"taxonomy":"post_tag","embeddable":true,"href":"https:\/\/www.europesays.com\/fr\/wp-json\/wp\/v2\/tags?post=466226"}],"curies":[{"name":"wp","href":"https:\/\/api.w.org\/{rel}","templated":true}]}}