{"id":466228,"date":"2025-10-16T01:13:11","date_gmt":"2025-10-16T01:13:11","guid":{"rendered":"https:\/\/www.europesays.com\/fr\/466228\/"},"modified":"2025-10-16T01:13:11","modified_gmt":"2025-10-16T01:13:11","slug":"motogp-2025-australie-on-parie","status":"publish","type":"post","link":"https:\/\/www.europesays.com\/fr\/466228\/","title":{"rendered":"MotoGP 2025 Australie : On parie ?"},"content":{"rendered":"<p>L&rsquo;Australie, c&rsquo;est pas un pays \u00e7a ! D\u00e9j\u00e0 pour y aller c&rsquo;est quinze heures de zinc. Et quand tu d\u00e9barques sur un point c\u00f4tier de l&rsquo;Australie, l&rsquo;autre bout est encore \u00e0 4000 km ! Ce qui donne le temps de penser&#8230; Bon, de Paris \u00e0 Rome en passant par Madrid et Londres, les paris vont bon train entre ceux qui suivent le MotoGP de pr\u00e8s. Ils sont moins nombreux en Australie parce que le voyage co\u00fbte une blinde, ce qui ne les emp\u00eache pas d&rsquo;\u00eatre aussi bavards. Le th\u00e8me ? Bagnaia. Le sc\u00e9nario ? Comme il n&rsquo; a plus peur du loup, il va se lib\u00e9rer, il l&rsquo;a fait aux USA quand Marquez est tomb\u00e9 et au Japon quand Marquez s&rsquo;en foutait et jouait juste les points (il a eu raison d&rsquo;ailleurs, \u00e0 huit jours pr\u00e8s c&rsquo;\u00e9tait cuit !). Du coup il est \u00e9vident que par miracle, la Ducati de Pecco va marcher ! El\u00e9mentaire mon cher Watson ! On verra bien mais on est beaucoup sur un mode de ce genre, peu respectueux \u00e0 l&rsquo;\u00e9gard de Bagnaia certes mais apr\u00e8s tout, \u00e0 hurler sur Ducati \u00e0 les rendre fou, \u00e7a donnerait le sourire \u00e0 plein de gens qui en ont marre de se faire agonir pour rien. Rien ne vous emp\u00eache de vous joindre \u00e0 ces paris, entre vous, je peux vous dire que les discussions sont passionnantes ! Il y aura d&rsquo;autres souris pour danser sans le chat. On pense bien s\u00fbr \u00e0 Alex Marquez, le petit fr\u00e8re qui a une seconde place au g\u00e9n\u00e9ral \u00e0 d\u00e9fendre et qui a m\u00eame gagn\u00e9 son cadeau de Noel \u00e0 l&rsquo;avance puisqu&rsquo;il roulera sur une moto d&rsquo;usine en 2026. On verra probablement Aldeguer sortir du bois une nouvelle fois, le gar\u00e7on a appris un truc qui d&rsquo;habitude bloque longtemps un d\u00e9butant, il a gagn\u00e9. Au g\u00e9n\u00e9ral il ne joue pas grand-chose (cela dit il est seulement dix points derri\u00e8re Diggia) mais c&rsquo;est le moment, en fin de saison, de montrer que le pilote d&rsquo;avenir chez Ducati c&rsquo;est lui. Parce qu&rsquo;il y a du monde au portillon, un certain Bulega en particulier qui se morfond en WSBK. On verra aussi un Acosta qui tentera enfin de gagner son premier GP, il le m\u00e9rite depuis un paquet de temps, comme ce sera la foire d&#8217;empoigne son m\u00e9tier a une chance de lui valoir un gros plus. Enfin, si Bezzecchi n&rsquo;est pas p\u00e9nalis\u00e9 pour son accrochage \u00e0 Mandalyka, apr\u00e8s tout il \u00e9tait en mode attaque dans les premiers tours mais avec ces a\u00e9ros \u00e0 la noix, on se fait avaler par la moto devant, il peut s&rsquo;en sortir blanchi. Et l\u00e0, il ya gros enjeu, la troisi\u00e8me place au g\u00e9n\u00e9ral d&rsquo;un Bagnaia qui a vraiment int\u00e9r\u00eat \u00e0 gagner&#8230; Finalement il y a de l&rsquo;enjeu, m\u00eame si le titre est jou\u00e9&#8230; Et tant mieux !<\/p>\n","protected":false},"excerpt":{"rendered":"L&rsquo;Australie, c&rsquo;est pas un pays \u00e7a ! D\u00e9j\u00e0 pour y aller c&rsquo;est quinze heures de zinc. Et quand&hellip;\n","protected":false},"author":2,"featured_media":466229,"comment_status":"","ping_status":"","sticky":false,"template":"","format":"standard","meta":{"footnotes":""},"categories":[1413],"tags":[17,4269,46954,4267,5828,5035,1462,40409,4266,1011,27,36358,1579,47981,1457,1456,1458,60],"class_list":{"0":"post-466228","1":"post","2":"type-post","3":"status-publish","4":"format-standard","5":"has-post-thumbnail","7":"category-moto","8":"tag-17","9":"tag-acosta","10":"tag-aldeguer","11":"tag-alex-marquez","12":"tag-aprilia","13":"tag-australie","14":"tag-bagnaia","15":"tag-bezzecchi","16":"tag-ducati","17":"tag-fr","18":"tag-france","19":"tag-gresini","20":"tag-ktm","21":"tag-le-pari","22":"tag-moto","23":"tag-motocycle","24":"tag-motogp","25":"tag-sports"},"share_on_mastodon":{"url":"https:\/\/pubeurope.com\/@fr\/115381194203250666","error":""},"_links":{"self":[{"href":"https:\/\/www.europesays.com\/fr\/wp-json\/wp\/v2\/posts\/466228","targetHints":{"allow":["GET"]}}],"collection":[{"href":"https:\/\/www.europesays.com\/fr\/wp-json\/wp\/v2\/posts"}],"about":[{"href":"https:\/\/www.europesays.com\/fr\/wp-json\/wp\/v2\/types\/post"}],"author":[{"embeddable":true,"href":"https:\/\/www.europesays.com\/fr\/wp-json\/wp\/v2\/users\/2"}],"replies":[{"embeddable":true,"href":"https:\/\/www.europesays.com\/fr\/wp-json\/wp\/v2\/comments?post=466228"}],"version-history":[{"count":0,"href":"https:\/\/www.europesays.com\/fr\/wp-json\/wp\/v2\/posts\/466228\/revisions"}],"wp:featuredmedia":[{"embeddable":true,"href":"https:\/\/www.europesays.com\/fr\/wp-json\/wp\/v2\/media\/466229"}],"wp:attachment":[{"href":"https:\/\/www.europesays.com\/fr\/wp-json\/wp\/v2\/media?parent=466228"}],"wp:term":[{"taxonomy":"category","embeddable":true,"href":"https:\/\/www.europesays.com\/fr\/wp-json\/wp\/v2\/categories?post=466228"},{"taxonomy":"post_tag","embeddable":true,"href":"https:\/\/www.europesays.com\/fr\/wp-json\/wp\/v2\/tags?post=466228"}],"curies":[{"name":"wp","href":"https:\/\/api.w.org\/{rel}","templated":true}]}}