{"id":466254,"date":"2025-10-16T01:28:11","date_gmt":"2025-10-16T01:28:11","guid":{"rendered":"https:\/\/www.europesays.com\/fr\/466254\/"},"modified":"2025-10-16T01:28:11","modified_gmt":"2025-10-16T01:28:11","slug":"donald-trump-declare-envisager-des-frappes-terrestres-contre-les-cartels-venezueliens","status":"publish","type":"post","link":"https:\/\/www.europesays.com\/fr\/466254\/","title":{"rendered":"Donald Trump d\u00e9clare \u00abenvisager\u00bb des frappes terrestres contre les cartels v\u00e9n\u00e9zu\u00e9liens"},"content":{"rendered":"<p>\n    Washington accuse depuis des semaines le pr\u00e9sident v\u00e9n\u00e9zu\u00e9lien Nicolas Maduro d\u2019\u00eatre \u00e0 la t\u00eate d\u2019une organisation de trafic de drogue vers les \u00c9tats-Unis.<\/p>\n<p class=\"fig-paragraph\"><a href=\"http:\/\/www.lefigaro.fr\/international\/donald-trump-franchit-une-nouvelle-etape-dans-son-bras-de-fer-avec-les-universites-20251015\" target=\"_blank\" data-fig-type=\"Article\" rel=\"noopener nofollow\" data-gtm-custom-categorie=\"navigation\" data-gtm-custom-action=\"crossclick\" data-gtm-custom-label=\"Contextuel\" data-gtm-event=\"customEventSPE\" data-fig-domain=\"LEFIGARO\">Donald Trump<\/a>\u00a0a d\u00e9clar\u00e9 ce mercredi 15 octobre \u00abenvisager\u00bb des frappes terrestres contre les cartels v\u00e9n\u00e9zu\u00e9liens, quelques heures apr\u00e8s des r\u00e9v\u00e9lations du New York Times, attestant que la\u00a0<a href=\"http:\/\/www.lefigaro.fr\/international\/invasion-de-l-ukraine-la-cia-savait-tout-20250927\" target=\"_blank\" data-fig-type=\"Article\" rel=\"noopener nofollow\" data-gtm-custom-categorie=\"navigation\" data-gtm-custom-action=\"crossclick\" data-gtm-custom-label=\"Contextuel\" data-gtm-event=\"customEventSPE\" data-fig-domain=\"LEFIGARO\">CIA<\/a>\u00a0avait \u00e9t\u00e9 autoris\u00e9e par l\u2019administration am\u00e9ricaine \u00e0 mener des \u00abactions sous couverture\u00bb sur le sol v\u00e9n\u00e9zu\u00e9lien.\u00a0\u00abLa CIA pourrait mener des op\u00e9rations l\u00e9tales au Venezuela et conduire une s\u00e9rie d\u2019op\u00e9rations dans les Cara\u00efbes\u00bb, \u00e9crit le\u00a0<a href=\"https:\/\/www.nytimes.com\/2025\/10\/15\/us\/politics\/trump-covert-cia-action-venezuela.html?unlocked_article_code=1.tk8.-wbX.3o6T1tTTW_4W&amp;smid=tw-share\" target=\"_blank\" rel=\"noopener nofollow\" data-gtm-custom-categorie=\"navigation\" data-gtm-custom-action=\"crossclick\" data-gtm-custom-label=\"Contextuel\" data-gtm-event=\"customEventSPE\">New York Times<\/a>, citant des hauts responsables am\u00e9ricains.<\/p>\n<p class=\"fig-paragraph\">\u00abJe ne veux pas vous en dire plus, mais nous regardons du c\u00f4t\u00e9 du sol \u00e0 pr\u00e9sent, car nous contr\u00f4lons tr\u00e8s bien la mer\u00bb, a r\u00e9pondu Donald Trump \u00e0 une question d\u2019un journaliste portant sur de potentielles frappes terrestres. Lorsqu\u2019on lui a demand\u00e9 s\u2019il avait donn\u00e9 \u00e0 la CIA l\u2019autorisation de \u00abneutraliser\u00bb le dirigeant v\u00e9n\u00e9zu\u00e9lien, Donald Trump a r\u00e9pondu: \u00abC\u2019est une question ridicule qu\u2019on me pose l\u00e0. Ce n\u2019est pas vraiment une question ridicule, mais ne serait-ce pas ridicule de ma part d\u2019y r\u00e9pondre\u00a0?\u00bb, a-t-il dit.<\/p>\n<p>                                    <a class=\"fig-a11y-skip a11y-hidden\" href=\"#fig-a11y-skip-main-inarticle\"><br \/>\n        Passer la publicit\u00e9<br \/>\n    <\/a><\/p>\n<p>Plusieurs frappes au large du Venezuela<\/p>\n<p class=\"fig-paragraph\">Donald Trump a annonc\u00e9 mardi que six narcotrafiquants pr\u00e9sum\u00e9s avaient \u00e9t\u00e9 tu\u00e9s dans une nouvelle frappe am\u00e9ricaine au large du Venezuela, la cinqui\u00e8me connue du genre depuis d\u00e9but septembre. Au moins 27 personnes ont \u00e9t\u00e9 tu\u00e9es jusqu\u2019\u00e0 pr\u00e9sent dans le cadre de ces frappes. La l\u00e9galit\u00e9 de ces frappes dans des eaux \u00e9trang\u00e8res ou internationales, contre des suspects qui n\u2019ont pas \u00e9t\u00e9 intercept\u00e9s ou interrog\u00e9s, fait d\u00e9bat.<\/p>\n<p class=\"fig-paragraph\">Washington accuse le pr\u00e9sident v\u00e9n\u00e9zu\u00e9lien\u00a0<a href=\"http:\/\/www.lefigaro.fr\/flash-actu\/venezuela-nicolas-maduro-affirme-qu-un-groupe-terroriste-local-prevoyait-de-placer-une-charge-explosive-a-l-ambassade-des-etats-unis-20251007\" target=\"_blank\" data-fig-type=\"NewsFlash\" rel=\"noopener nofollow\" data-gtm-custom-categorie=\"navigation\" data-gtm-custom-action=\"crossclick\" data-gtm-custom-label=\"Contextuel\" data-gtm-event=\"customEventSPE\" data-fig-domain=\"LEFIGARO\">Nicolas Maduro<\/a>\u00a0et son gouvernement d\u2019\u00eatre \u00e0 la t\u00eate d\u2019une vaste organisation de trafic de drogue vers les \u00c9tats-Unis et a d\u00e9ploy\u00e9 d\u00e9but septembre huit navires de guerre et un sous-marin \u00e0 propulsion nucl\u00e9aire au large des c\u00f4tes du Venezuela, officiellement dans le cadre d\u2019une op\u00e9ration contre le narcotrafic.<\/p>\n<p class=\"fig-paragraph\">Caracas d\u00e9ment vigoureusement et, en r\u00e9ponse au d\u00e9ploiement am\u00e9ricain consid\u00e9r\u00e9 comme une \u00abmenace militaire\u00bb, a lanc\u00e9 des exercices militaires. Mercredi, le pr\u00e9sident Maduro avait poursuivi un programme de manoeuvres militaires \u00e0 travers le pays, faisant notamment d\u00e9ployer des forces dans Petar\u00e9 et Catia, les deux plus grands quartiers populaires de Caracas. Il a promis pour jeudi des op\u00e9rations dans les \u00c9tats de Tachira, Apure et Amazonas, \u00e0 la fronti\u00e8re poreuse avec la Colombie. C\u2019est justement par cette zone que transite une partie de la coca\u00efne colombienne. Elle fait parie des cibles possibles \u00e9voqu\u00e9es par des sources proches de la Maison-Blanche. Pour le pr\u00e9sident Nicolas Maduro, Washington utilise le trafic de drogue comme pr\u00e9texte \u00abpour imposer un changement de r\u00e9gime\u00bb et s\u2019emparer des importantes r\u00e9serves de p\u00e9trole du pays.<\/p>\n","protected":false},"excerpt":{"rendered":"Washington accuse depuis des semaines le pr\u00e9sident v\u00e9n\u00e9zu\u00e9lien Nicolas Maduro d\u2019\u00eatre \u00e0 la t\u00eate d\u2019une organisation de trafic&hellip;\n","protected":false},"author":2,"featured_media":466255,"comment_status":"","ping_status":"","sticky":false,"template":"","format":"standard","meta":{"footnotes":""},"categories":[5],"tags":[11,1011,27,14,12,337,28],"class_list":{"0":"post-466254","1":"post","2":"type-post","3":"status-publish","4":"format-standard","5":"has-post-thumbnail","7":"category-international","8":"tag-actualites","9":"tag-fr","10":"tag-france","11":"tag-international","12":"tag-news","13":"tag-venezuela","14":"tag-world"},"share_on_mastodon":{"url":"https:\/\/pubeurope.com\/@fr\/115381253488377884","error":""},"_links":{"self":[{"href":"https:\/\/www.europesays.com\/fr\/wp-json\/wp\/v2\/posts\/466254","targetHints":{"allow":["GET"]}}],"collection":[{"href":"https:\/\/www.europesays.com\/fr\/wp-json\/wp\/v2\/posts"}],"about":[{"href":"https:\/\/www.europesays.com\/fr\/wp-json\/wp\/v2\/types\/post"}],"author":[{"embeddable":true,"href":"https:\/\/www.europesays.com\/fr\/wp-json\/wp\/v2\/users\/2"}],"replies":[{"embeddable":true,"href":"https:\/\/www.europesays.com\/fr\/wp-json\/wp\/v2\/comments?post=466254"}],"version-history":[{"count":0,"href":"https:\/\/www.europesays.com\/fr\/wp-json\/wp\/v2\/posts\/466254\/revisions"}],"wp:featuredmedia":[{"embeddable":true,"href":"https:\/\/www.europesays.com\/fr\/wp-json\/wp\/v2\/media\/466255"}],"wp:attachment":[{"href":"https:\/\/www.europesays.com\/fr\/wp-json\/wp\/v2\/media?parent=466254"}],"wp:term":[{"taxonomy":"category","embeddable":true,"href":"https:\/\/www.europesays.com\/fr\/wp-json\/wp\/v2\/categories?post=466254"},{"taxonomy":"post_tag","embeddable":true,"href":"https:\/\/www.europesays.com\/fr\/wp-json\/wp\/v2\/tags?post=466254"}],"curies":[{"name":"wp","href":"https:\/\/api.w.org\/{rel}","templated":true}]}}