{"id":466266,"date":"2025-10-16T01:34:18","date_gmt":"2025-10-16T01:34:18","guid":{"rendered":"https:\/\/www.europesays.com\/fr\/466266\/"},"modified":"2025-10-16T01:34:18","modified_gmt":"2025-10-16T01:34:18","slug":"ma-sudation-excessive-posait-probleme-un-employe-mcdo-vire-parce-quil-suait-trop-des-mains","status":"publish","type":"post","link":"https:\/\/www.europesays.com\/fr\/466266\/","title":{"rendered":"\u00ab Ma sudation excessive posait probl\u00e8me \u00bb\u2026 Un employ\u00e9 McDo vir\u00e9 parce qu\u2019il suait trop des mains"},"content":{"rendered":"<p class=\"mb-4 text-lg md:leading-8 break-words\"><strong>Ne venez pas comme vous \u00eates &#8211; A l\u2019issue de sa p\u00e9riode d\u2019essai, un trentenaire a \u00e9t\u00e9 remerci\u00e9 par le McDonald\u2019s de Vand\u0153uvre, \u00e0 c\u00f4t\u00e9 de Nancy. La faute, surtout, \u00e0 son hyperhidrose localis\u00e9e, qui le fait abondamment transpirer des mains<\/strong><\/p>\n<p class=\"mb-4 text-lg md:leading-8 break-words\">Maxime V. n\u2019effectuera pas sa carri\u00e8re chez <a href=\"https:\/\/www.20minutes.fr\/dossier\/mcdonald_s?at_medium=RSS%20feed&amp;at_campaign=ynews&amp;utm_source=yahoo&amp;utm_medium=rss&amp;utm_campaign=news_feed&amp;utm_content=in_article_link\" rel=\"nofollow noopener\" target=\"_blank\" data-ylk=\"slk:McDonald\u2019s;elm:context_link;itc:0;sec:content-canvas\" class=\"link \">McDonald\u2019s<\/a>. Le trentenaire croyait pourtant y rester un petit peu quand il a d\u00e9but\u00e9 au restaurant de Vand\u0153uvre, \u00e0 c\u00f4t\u00e9 de <a href=\"https:\/\/www.20minutes.fr\/dossier\/nancy?at_medium=RSS%20feed&amp;at_campaign=ynews&amp;utm_source=yahoo&amp;utm_medium=rss&amp;utm_campaign=news_feed&amp;utm_content=in_article_link\" rel=\"nofollow noopener\" target=\"_blank\" data-ylk=\"slk:Nancy;elm:context_link;itc:0;sec:content-canvas\" class=\"link \">Nancy<\/a> (Meurthe-et-Moselle). Mais la cha\u00eene am\u00e9ricaine de <a href=\"https:\/\/www.20minutes.fr\/dossier\/fast-food?at_medium=RSS%20feed&amp;at_campaign=ynews&amp;utm_source=yahoo&amp;utm_medium=rss&amp;utm_campaign=news_feed&amp;utm_content=in_article_link\" rel=\"nofollow noopener\" target=\"_blank\" data-ylk=\"slk:fast-food;elm:context_link;itc:0;sec:content-canvas\" class=\"link \">fast-food<\/a> l\u2019a remerci\u00e9 juste avant la fin de sa p\u00e9riode d\u2019essai.<\/p>\n<p class=\"mb-4 text-lg md:leading-8 break-words\">La raison\u00a0? \u00ab\u00a0Pour quelque chose que je ne ma\u00eetrise pas, ni ne contr\u00f4le et que je ne peux donc pas am\u00e9liorer\u00a0\u00bb, d\u00e9nonce l\u2019int\u00e9ress\u00e9 aupr\u00e8s de <a href=\"https:\/\/c.estrepublicain.fr\/sante\/2025\/10\/14\/remercie-par-mcdo-ils-m-ont-explique-que-ma-sudation-excessive-posait-probleme?login=1&amp;at_medium=RSS%20feed&amp;at_campaign=ynews&amp;utm_source=yahoo&amp;utm_medium=rss&amp;utm_campaign=news_feed&amp;utm_content=in_article_link\" rel=\"nofollow noopener\" target=\"_blank\" data-ylk=\"slk:L\u2019Est R\u00e9publicain;elm:context_link;itc:0;sec:content-canvas\" class=\"link \">L\u2019Est R\u00e9publicain<\/a>. Le Lorrain souffre en effet d\u2019<a href=\"https:\/\/www.20minutes.fr\/sante\/4046962-20230728-faire-injecter-botox-plus-transpirer-drole-idee?at_medium=RSS%20feed&amp;at_campaign=ynews&amp;utm_source=yahoo&amp;utm_medium=rss&amp;utm_campaign=news_feed&amp;utm_content=in_article_link\" rel=\"nofollow noopener\" target=\"_blank\" data-ylk=\"slk:hyperhidrose;elm:context_link;itc:0;sec:content-canvas\" class=\"link \">hyperhidrose<\/a> localis\u00e9e, ce qui signifie qu\u2019il transpire abondamment des mains. Pas id\u00e9al quand on travaille au grill et \u00e0 la garniture des hamburgers\u2026<\/p>\n<p>Travailler avec des gants\u00a0? Impossible selon McDo<\/p>\n<p class=\"mb-4 text-lg md:leading-8 break-words\">\u00ab\u00a0Tout se passait bien dans les premiers temps. Les retours \u00e9taient positifs, on me qualifiait de s\u00e9rieux et motiv\u00e9\u00a0\u00bb, pr\u00e9cise le jeune homme, qui a ensuite \u00e9t\u00e9 convoqu\u00e9 par ses managers. \u00ab\u00a0Ils m\u2019ont expliqu\u00e9 que <a href=\"https:\/\/www.20minutes.fr\/sciences\/4029792-20230327-exposition-transpiration-autres-peut-contribuer-limiter-anxiete-sociale?at_medium=RSS%20feed&amp;at_campaign=ynews&amp;utm_source=yahoo&amp;utm_medium=rss&amp;utm_campaign=news_feed&amp;utm_content=in_article_link\" rel=\"nofollow noopener\" target=\"_blank\" data-ylk=\"slk:ma sudation excessive posait probl\u00e8me;elm:context_link;itc:0;sec:content-canvas\" class=\"link \">ma sudation excessive posait probl\u00e8me<\/a>. Ils m\u2019ont invit\u00e9 \u00e0 prendre rendez-vous avec la m\u00e9decine du travail.\u00a0\u00bb Jusqu\u2019\u00e0 une autre entrevue o\u00f9 sa fin de contrat lui a \u00e9t\u00e9 signifi\u00e9e. \u00ab\u00a0On n\u2019a pas retenu les solutions que j\u2019ai propos\u00e9es, \u00e0 savoir porter des gants, ce qui serait de toute fa\u00e7on plus hygi\u00e9nique, ou encore travailler \u00e0 d\u2019autres postes comme l\u2019encaissement\u00a0\u00bb, d\u00e9plore la victime.<\/p>\n<p class=\"mb-4 text-lg md:leading-8 break-words\">De son c\u00f4t\u00e9, le McDonald\u2019s de Vand\u0153uvre a r\u00e9pondu au quotidien r\u00e9gional. \u00ab\u00a0L\u2019hygi\u00e8ne est primordiale. Pour ce qui est du port de gants, ce serait impossible chez nous. Nos salari\u00e9s sont amen\u00e9s \u00e0 tourner dans les poste(&#8230;)<\/p>\n<p class=\"mb-4 text-lg md:leading-8 break-words\"><a href=\"https:\/\/www.20minutes.fr\/societe\/4179504-20251015-nancy-sudation-excessive-posait-probleme-employe-mcdo-vire-parce-suait-trop-mains?at_medium=RSS%20feed&amp;at_campaign=ynews&amp;utm_source=yahoo&amp;utm_medium=rss&amp;utm_campaign=news_feed&amp;utm_content=read_more_link&quot;\" rel=\"nofollow noopener\" target=\"_blank\" data-ylk=\"slk:Lire la suite sur 20minutes;elm:context_link;itc:0;sec:content-canvas\" class=\"link \">Lire la suite sur 20minutes<\/a><\/p>\n<p>\u00c0 lire aussi :<br \/><a href=\"https:\/\/www.20minutes.fr\/societe\/4174686-20250923-vendee-deux-personnes-jugees-emprisonnees-avoir-agresse-homme-voler-mcdo?at_medium=RSS%20feed&amp;at_campaign=ynews&amp;utm_source=yahoo&amp;utm_medium=rss&amp;utm_campaign=news_feed&amp;utm_content=related_content_link\" rel=\"nofollow noopener\" target=\"_blank\" data-ylk=\"slk:Vend\u00e9e\u00a0: Deux personnes jug\u00e9es et emprisonn\u00e9es pour avoir agress\u00e9 un homme pour lui voler son McDo;elm:context_link;itc:0;sec:content-canvas\" class=\"link \">Vend\u00e9e\u00a0: Deux personnes jug\u00e9es et emprisonn\u00e9es pour avoir agress\u00e9 un homme pour lui voler son McDo<\/a><br \/><a href=\"https:\/\/www.20minutes.fr\/economie\/4161953-20250705-mcdonald-recette-monde-tendance-asiatique-service-francaise-passee-amerique?at_medium=RSS%20feed&amp;at_campaign=ynews&amp;utm_source=yahoo&amp;utm_medium=rss&amp;utm_campaign=news_feed&amp;utm_content=related_content_link\" rel=\"nofollow noopener\" target=\"_blank\" data-ylk=\"slk:McDonald\u2019s\u00a0: Recette du monde, tendance asiatique, service \u00ab\u00a0\u00e0 la fran\u00e7aise\u00a0\u00bb\u2026 Mais o\u00f9 est pass\u00e9e l\u2019Am\u00e9rique\u00a0?;elm:context_link;itc:0;sec:content-canvas\" class=\"link \">McDonald\u2019s\u00a0: Recette du monde, tendance asiatique, service \u00ab\u00a0\u00e0 la fran\u00e7aise\u00a0\u00bb\u2026 Mais o\u00f9 est pass\u00e9e l\u2019Am\u00e9rique\u00a0?<\/a><\/p>\n","protected":false},"excerpt":{"rendered":"Ne venez pas comme vous \u00eates &#8211; A l\u2019issue de sa p\u00e9riode d\u2019essai, un trentenaire a \u00e9t\u00e9 remerci\u00e9&hellip;\n","protected":false},"author":2,"featured_media":466267,"comment_status":"","ping_status":"","sticky":false,"template":"","format":"standard","meta":{"footnotes":""},"categories":[9635],"tags":[1111,11,1777,674,1011,27,775,679,1702,12,59001,25],"class_list":{"0":"post-466266","1":"post","2":"type-post","3":"status-publish","4":"format-standard","5":"has-post-thumbnail","7":"category-nancy","8":"tag-actu","9":"tag-actualites","10":"tag-eu","11":"tag-europe","12":"tag-fr","13":"tag-france","14":"tag-grand-est","15":"tag-mcdonalds","16":"tag-nancy","17":"tag-news","18":"tag-periode-dessai","19":"tag-republique-francaise"},"share_on_mastodon":{"url":"https:\/\/pubeurope.com\/@fr\/115381276767339457","error":""},"_links":{"self":[{"href":"https:\/\/www.europesays.com\/fr\/wp-json\/wp\/v2\/posts\/466266","targetHints":{"allow":["GET"]}}],"collection":[{"href":"https:\/\/www.europesays.com\/fr\/wp-json\/wp\/v2\/posts"}],"about":[{"href":"https:\/\/www.europesays.com\/fr\/wp-json\/wp\/v2\/types\/post"}],"author":[{"embeddable":true,"href":"https:\/\/www.europesays.com\/fr\/wp-json\/wp\/v2\/users\/2"}],"replies":[{"embeddable":true,"href":"https:\/\/www.europesays.com\/fr\/wp-json\/wp\/v2\/comments?post=466266"}],"version-history":[{"count":0,"href":"https:\/\/www.europesays.com\/fr\/wp-json\/wp\/v2\/posts\/466266\/revisions"}],"wp:featuredmedia":[{"embeddable":true,"href":"https:\/\/www.europesays.com\/fr\/wp-json\/wp\/v2\/media\/466267"}],"wp:attachment":[{"href":"https:\/\/www.europesays.com\/fr\/wp-json\/wp\/v2\/media?parent=466266"}],"wp:term":[{"taxonomy":"category","embeddable":true,"href":"https:\/\/www.europesays.com\/fr\/wp-json\/wp\/v2\/categories?post=466266"},{"taxonomy":"post_tag","embeddable":true,"href":"https:\/\/www.europesays.com\/fr\/wp-json\/wp\/v2\/tags?post=466266"}],"curies":[{"name":"wp","href":"https:\/\/api.w.org\/{rel}","templated":true}]}}