{"id":466270,"date":"2025-10-16T01:36:17","date_gmt":"2025-10-16T01:36:17","guid":{"rendered":"https:\/\/www.europesays.com\/fr\/466270\/"},"modified":"2025-10-16T01:36:17","modified_gmt":"2025-10-16T01:36:17","slug":"quiz-quelles-marques-se-cachent-derriere-ces-logos","status":"publish","type":"post","link":"https:\/\/www.europesays.com\/fr\/466270\/","title":{"rendered":"Quiz. Quelles marques se cachent derri\u00e8re ces logos\u00a0?"},"content":{"rendered":"<tr wp_automatic_readability=\"1.9333333333333\">\n<td valign=\"middle\" align=\"center\" class=\"col-logo\">\n    <img decoding=\"async\" src=\"https:\/\/www.europesays.com\/fr\/wp-content\/uploads\/2025\/05\/ouest-france.gif\" alt=\"logo Ouest-France\" height=\"66\"\/><\/p>\n<\/td>\n<td class=\"col-titre\">\n\t\t\tMercredi 15 octobre 2025 20:10<br \/>\n\t\t\t<a class=\"icon-bulle sizeL count\" href=\"#ancreAvis\"><br \/>\n\t&#8230;<br \/>\n<\/a><\/td>\n<\/tr>\n<p>\t\t<a class=\"mavillebox2 elmt-photo\" href=\"https:\/\/maville.com\/photosmvi\/2025\/10\/15\/P35524709D7022077G.jpg\" title=\" Saurez-vous reconna\u00eetre le logo de ces marques\u00a0?  \u00a9  Photo\u00a0: Illustration Getty Images\/iStockphoto  &lt;!--TAG-BLC credit--&gt;\" rel=\"galerie_actu noopener\" target=\"_blank\"><br \/>\n\t<img decoding=\"async\" src=\"https:\/\/www.europesays.com\/fr\/wp-content\/uploads\/2025\/10\/P35524709D7022077G_crop_640-330_.jpg\" alt=\"photo  saurez-vous reconna\u00eetre le logo de ces marques\u00a0?  \u00a9  photo\u00a0: illustration getty images\/istockphoto \"\/><br \/>\n\t1<br \/>\n<\/a><\/p>\n<p class=\"elmt-legende\"> Saurez-vous reconna\u00eetre le logo de ces marques\u00a0?  \u00a9  Photo\u00a0: Illustration Getty Images\/iStockphoto  <\/p>\n<p>\t\tVoici dix logos appartenant \u00e0 des entreprises ou marques c\u00e9l\u00e8bres. Saurez-vous les reconna\u00eetre\u00a0? \u00c0 vous de jouer\u00a0!<\/p>\n<p>\t\tOuest-France\u00a0\u00a0<\/p>\n<p>\t\t&#13;<\/p>\n","protected":false},"excerpt":{"rendered":"Mercredi 15 octobre 2025 20:10 &#8230; 1 Saurez-vous reconna\u00eetre le logo de ces marques\u00a0? \u00a9 Photo\u00a0: Illustration Getty&hellip;\n","protected":false},"author":2,"featured_media":466271,"comment_status":"","ping_status":"","sticky":false,"template":"","format":"standard","meta":{"footnotes":""},"categories":[9619],"tags":[1111,11,59002,1777,674,1011,27,59003,10176,12,882,7767,25,2310],"class_list":{"0":"post-466270","1":"post","2":"type-post","3":"status-publish","4":"format-standard","5":"has-post-thumbnail","7":"category-toulon","8":"tag-actu","9":"tag-actualites","10":"tag-cachent","11":"tag-eu","12":"tag-europe","13":"tag-fr","14":"tag-france","15":"tag-logos","16":"tag-marques","17":"tag-news","18":"tag-provence-alpes-cote-dazur","19":"tag-quiz","20":"tag-republique-francaise","21":"tag-toulon"},"share_on_mastodon":{"url":"https:\/\/pubeurope.com\/@fr\/115381285073268599","error":""},"_links":{"self":[{"href":"https:\/\/www.europesays.com\/fr\/wp-json\/wp\/v2\/posts\/466270","targetHints":{"allow":["GET"]}}],"collection":[{"href":"https:\/\/www.europesays.com\/fr\/wp-json\/wp\/v2\/posts"}],"about":[{"href":"https:\/\/www.europesays.com\/fr\/wp-json\/wp\/v2\/types\/post"}],"author":[{"embeddable":true,"href":"https:\/\/www.europesays.com\/fr\/wp-json\/wp\/v2\/users\/2"}],"replies":[{"embeddable":true,"href":"https:\/\/www.europesays.com\/fr\/wp-json\/wp\/v2\/comments?post=466270"}],"version-history":[{"count":0,"href":"https:\/\/www.europesays.com\/fr\/wp-json\/wp\/v2\/posts\/466270\/revisions"}],"wp:featuredmedia":[{"embeddable":true,"href":"https:\/\/www.europesays.com\/fr\/wp-json\/wp\/v2\/media\/466271"}],"wp:attachment":[{"href":"https:\/\/www.europesays.com\/fr\/wp-json\/wp\/v2\/media?parent=466270"}],"wp:term":[{"taxonomy":"category","embeddable":true,"href":"https:\/\/www.europesays.com\/fr\/wp-json\/wp\/v2\/categories?post=466270"},{"taxonomy":"post_tag","embeddable":true,"href":"https:\/\/www.europesays.com\/fr\/wp-json\/wp\/v2\/tags?post=466270"}],"curies":[{"name":"wp","href":"https:\/\/api.w.org\/{rel}","templated":true}]}}