{"id":466274,"date":"2025-10-16T01:38:12","date_gmt":"2025-10-16T01:38:12","guid":{"rendered":"https:\/\/www.europesays.com\/fr\/466274\/"},"modified":"2025-10-16T01:38:12","modified_gmt":"2025-10-16T01:38:12","slug":"montpellier-2028-une-idee-qui-perdure","status":"publish","type":"post","link":"https:\/\/www.europesays.com\/fr\/466274\/","title":{"rendered":"Montpellier 2028, une id\u00e9e qui perdure"},"content":{"rendered":"<p>Le 13 d\u00e9cembre 2023, le minist\u00e8re de la Culture annon\u00e7ait Bourges comme Capitale\u00a0europ\u00e9enne de la culture\u00a02028. Montpellier, l&rsquo;une des candidates recal\u00e9es avec\u00a0Rouen et\u00a0Clermont-Ferrand,\u00a0n&rsquo;a pas baiss\u00e9 les bras. \u00ab Une telle candidature demande un \u00e9norme investissement\u00a0&#8211; 2 ans de travail en amont, si ce n&rsquo;est 5 ans si l&rsquo;on compte le tout d\u00e9but du processus en 2018, et plus d&rsquo;un million\u00a0d&rsquo;euros.\u00a0Il \u00e9tait important pour nous d&rsquo;en tirer un bilan et de restituer le travail men\u00e9 sur et pour\u2026<\/p>\n","protected":false},"excerpt":{"rendered":"Le 13 d\u00e9cembre 2023, le minist\u00e8re de la Culture annon\u00e7ait Bourges comme Capitale\u00a0europ\u00e9enne de la culture\u00a02028. Montpellier, l&rsquo;une&hellip;\n","protected":false},"author":2,"featured_media":466275,"comment_status":"","ping_status":"","sticky":false,"template":"","format":"standard","meta":{"footnotes":""},"categories":[9599],"tags":[1111,11,59004,1777,674,849,1011,27,2208,12,2680,25,14042],"class_list":{"0":"post-466274","1":"post","2":"type-post","3":"status-publish","4":"format-standard","5":"has-post-thumbnail","7":"category-montpellier","8":"tag-actu","9":"tag-actualites","10":"tag-capitale-europeenne-de-la-culture","11":"tag-eu","12":"tag-europe","13":"tag-festival","14":"tag-fr","15":"tag-france","16":"tag-montpellier","17":"tag-news","18":"tag-occitanie","19":"tag-republique-francaise","20":"tag-sete"},"share_on_mastodon":{"url":"https:\/\/pubeurope.com\/@fr\/115381292427241463","error":""},"_links":{"self":[{"href":"https:\/\/www.europesays.com\/fr\/wp-json\/wp\/v2\/posts\/466274","targetHints":{"allow":["GET"]}}],"collection":[{"href":"https:\/\/www.europesays.com\/fr\/wp-json\/wp\/v2\/posts"}],"about":[{"href":"https:\/\/www.europesays.com\/fr\/wp-json\/wp\/v2\/types\/post"}],"author":[{"embeddable":true,"href":"https:\/\/www.europesays.com\/fr\/wp-json\/wp\/v2\/users\/2"}],"replies":[{"embeddable":true,"href":"https:\/\/www.europesays.com\/fr\/wp-json\/wp\/v2\/comments?post=466274"}],"version-history":[{"count":0,"href":"https:\/\/www.europesays.com\/fr\/wp-json\/wp\/v2\/posts\/466274\/revisions"}],"wp:featuredmedia":[{"embeddable":true,"href":"https:\/\/www.europesays.com\/fr\/wp-json\/wp\/v2\/media\/466275"}],"wp:attachment":[{"href":"https:\/\/www.europesays.com\/fr\/wp-json\/wp\/v2\/media?parent=466274"}],"wp:term":[{"taxonomy":"category","embeddable":true,"href":"https:\/\/www.europesays.com\/fr\/wp-json\/wp\/v2\/categories?post=466274"},{"taxonomy":"post_tag","embeddable":true,"href":"https:\/\/www.europesays.com\/fr\/wp-json\/wp\/v2\/tags?post=466274"}],"curies":[{"name":"wp","href":"https:\/\/api.w.org\/{rel}","templated":true}]}}