{"id":466278,"date":"2025-10-16T01:42:12","date_gmt":"2025-10-16T01:42:12","guid":{"rendered":"https:\/\/www.europesays.com\/fr\/466278\/"},"modified":"2025-10-16T01:42:12","modified_gmt":"2025-10-16T01:42:12","slug":"lutte-anti-drogue-operation-geante-a-grenoble","status":"publish","type":"post","link":"https:\/\/www.europesays.com\/fr\/466278\/","title":{"rendered":"Lutte anti-drogue : op\u00e9ration g\u00e9ante \u00e0 Grenoble"},"content":{"rendered":"<p class=\"jsx-4058425199 jsx-2164199691 ExpandableText__Text\">Un d\u00e9ploiement spectaculaire de policiers a eu lieu ce mercredi 15 octobre dans le quartier de Mistral, \u00e0 Grenoble. Il \u00e9tait compl\u00e8tement ferm\u00e9. Quatre cents membres de la force de l\u2019ordre ont int\u00e9gralement fouill\u00e9 un b\u00e2timent, de la cave au dernier  \u00e9tage, appartement par appartement. Les occupants de certains logements \u00e9taient soup\u00e7onn\u00e9s d\u2019avoir des liens avec le trafic de drogue. Quatre personnes ont \u00e9t\u00e9 interpell\u00e9es. Selon le procureur, cette op\u00e9ration d\u2019ampleur doit durer plus de deux jours.<\/p>\n<p>Lire plusReplier<\/p>\n","protected":false},"excerpt":{"rendered":"Un d\u00e9ploiement spectaculaire de policiers a eu lieu ce mercredi 15 octobre dans le quartier de Mistral, \u00e0&hellip;\n","protected":false},"author":2,"featured_media":466279,"comment_status":"","ping_status":"","sticky":false,"template":"","format":"standard","meta":{"footnotes":""},"categories":[9566],"tags":[1111,11,2430,1777,674,5582,1011,27,2731,2954,2952,12,25,887,133,2953],"class_list":{"0":"post-466278","1":"post","2":"type-post","3":"status-publish","4":"format-standard","5":"has-post-thumbnail","7":"category-grenoble","8":"tag-actu","9":"tag-actualites","10":"tag-auvergne-rhone-alpes","11":"tag-eu","12":"tag-europe","13":"tag-forces-de-lordre-armee-pompiers","14":"tag-fr","15":"tag-france","16":"tag-grenoble","17":"tag-justice-et-faits-divers","18":"tag-le-20h","19":"tag-news","20":"tag-republique-francaise","21":"tag-trafic-de-drogue","22":"tag-video","23":"tag-video-police"},"share_on_mastodon":{"url":"https:\/\/pubeurope.com\/@fr\/115381308874776939","error":""},"_links":{"self":[{"href":"https:\/\/www.europesays.com\/fr\/wp-json\/wp\/v2\/posts\/466278","targetHints":{"allow":["GET"]}}],"collection":[{"href":"https:\/\/www.europesays.com\/fr\/wp-json\/wp\/v2\/posts"}],"about":[{"href":"https:\/\/www.europesays.com\/fr\/wp-json\/wp\/v2\/types\/post"}],"author":[{"embeddable":true,"href":"https:\/\/www.europesays.com\/fr\/wp-json\/wp\/v2\/users\/2"}],"replies":[{"embeddable":true,"href":"https:\/\/www.europesays.com\/fr\/wp-json\/wp\/v2\/comments?post=466278"}],"version-history":[{"count":0,"href":"https:\/\/www.europesays.com\/fr\/wp-json\/wp\/v2\/posts\/466278\/revisions"}],"wp:featuredmedia":[{"embeddable":true,"href":"https:\/\/www.europesays.com\/fr\/wp-json\/wp\/v2\/media\/466279"}],"wp:attachment":[{"href":"https:\/\/www.europesays.com\/fr\/wp-json\/wp\/v2\/media?parent=466278"}],"wp:term":[{"taxonomy":"category","embeddable":true,"href":"https:\/\/www.europesays.com\/fr\/wp-json\/wp\/v2\/categories?post=466278"},{"taxonomy":"post_tag","embeddable":true,"href":"https:\/\/www.europesays.com\/fr\/wp-json\/wp\/v2\/tags?post=466278"}],"curies":[{"name":"wp","href":"https:\/\/api.w.org\/{rel}","templated":true}]}}