{"id":46628,"date":"2025-04-23T13:10:08","date_gmt":"2025-04-23T13:10:08","guid":{"rendered":"https:\/\/www.europesays.com\/fr\/46628\/"},"modified":"2025-04-23T13:10:08","modified_gmt":"2025-04-23T13:10:08","slug":"un-grand-pop-up-sur-le-theme-de-lete-se-prepare-a-lyon","status":"publish","type":"post","link":"https:\/\/www.europesays.com\/fr\/46628\/","title":{"rendered":"Un grand pop-up sur le th\u00e8me de l\u2019\u00e9t\u00e9 se pr\u00e9pare \u00e0 Lyon"},"content":{"rendered":"<p itemprop=\"description\"><strong>Une date \u00e0 noter dans vos agendas.<\/strong><\/p>\n<p>Si le printemps s\u2019installe doucement mais s\u00fbrement, l\u2019\u00e9t\u00e9 se pr\u00e9pare \u00e9galement \u00e0 Lyon. Un grand pop-up ouvrira prochainement ses portes au sein de la capitale des Gaules. Le rendez-vous est donn\u00e9 du jeudi 22 au dimanche 25 mai \u00e0 une dizaine de minutes de la gare Saint-Paul. C\u2019est en effet au sein de l\u2019<strong>Espace Air+<\/strong> situ\u00e9 43 quai Pierre Scize dans le 9e arrondissement de Lyon qu\u2019une boutique \u00e9ph\u00e9m\u00e8re sur le th\u00e8me de l\u2019\u00e9t\u00e9 s\u2019installera le temps de quatre jours.<\/p>\n<p>Il sera notamment possible de retrouver sur places du pr\u00eat-\u00e0-porter et de la maroquinerie de luxe de seconde main de <strong>Maison Cl\u00e9mence<\/strong>, des ponchos de bain boh\u00e8mes et \u00e9l\u00e9gants d\u2019<strong>Atelier Dune<\/strong>, des bijoux de <strong>Shpy Cr\u00e9achic<\/strong>, des foutas de la marque <strong>By Foutas<\/strong>, des photographies de <strong>CEG Studio<\/strong> ainsi que des cr\u00e9ations de l\u2019artiste peinte lyonnais <strong>Ndrix Art<\/strong>.<\/p>\n<p>\u00ab\u00a0C\u2019est exactement le genre d\u2019\u00e9v\u00e8nement qu\u2019on a envie de voir plus souvent \u00e0 Lyon : une belle \u00e9nergie, des cr\u00e9ateurs lyonnais talentueux, et un lieu incroyable pour les mettre en valeur. Trop h\u00e2te de vous faire d\u00e9couvrir tout \u00e7a\u00a0\u00bb, assure <strong>Cl\u00e9mence Bricon<\/strong>, fondatrice de Maison Cl\u00e9mence.<\/p>\n<p>Une belle fa\u00e7on d&rsquo;attendre l\u2019\u00e9t\u00e9 \u00e0 Lyon !<\/p>\n","protected":false},"excerpt":{"rendered":"Une date \u00e0 noter dans vos agendas. Si le printemps s\u2019installe doucement mais s\u00fbrement, l\u2019\u00e9t\u00e9 se pr\u00e9pare \u00e9galement&hellip;\n","protected":false},"author":2,"featured_media":46629,"comment_status":"","ping_status":"","sticky":false,"template":"","format":"standard","meta":{"footnotes":""},"categories":[1889],"tags":[1111,11,2813,2190,2430,1109,251,1112,2811,1777,674,118,1294,4651,1011,27,1922,1110,1114,2428,4903,4902,12,241,316,25,2812,517,800],"class_list":{"0":"post-46628","1":"post","2":"type-post","3":"status-publish","4":"format-standard","5":"has-post-thumbnail","7":"category-lyon","8":"tag-actu","9":"tag-actualites","10":"tag-article","11":"tag-asvel","12":"tag-auvergne-rhone-alpes","13":"tag-breves","14":"tag-culture","15":"tag-depeches","16":"tag-economique","17":"tag-eu","18":"tag-europe","19":"tag-faits-divers","20":"tag-femme","21":"tag-femmes","22":"tag-fr","23":"tag-france","24":"tag-info","25":"tag-informations","26":"tag-infos","27":"tag-lyon","28":"tag-lyonfemme","29":"tag-lyonfemmes","30":"tag-news","31":"tag-ol","32":"tag-politique","33":"tag-republique-francaise","34":"tag-sociale","35":"tag-sport","36":"tag-transports"},"share_on_mastodon":{"url":"https:\/\/pubeurope.com\/@fr\/114387446984050748","error":""},"_links":{"self":[{"href":"https:\/\/www.europesays.com\/fr\/wp-json\/wp\/v2\/posts\/46628","targetHints":{"allow":["GET"]}}],"collection":[{"href":"https:\/\/www.europesays.com\/fr\/wp-json\/wp\/v2\/posts"}],"about":[{"href":"https:\/\/www.europesays.com\/fr\/wp-json\/wp\/v2\/types\/post"}],"author":[{"embeddable":true,"href":"https:\/\/www.europesays.com\/fr\/wp-json\/wp\/v2\/users\/2"}],"replies":[{"embeddable":true,"href":"https:\/\/www.europesays.com\/fr\/wp-json\/wp\/v2\/comments?post=46628"}],"version-history":[{"count":0,"href":"https:\/\/www.europesays.com\/fr\/wp-json\/wp\/v2\/posts\/46628\/revisions"}],"wp:featuredmedia":[{"embeddable":true,"href":"https:\/\/www.europesays.com\/fr\/wp-json\/wp\/v2\/media\/46629"}],"wp:attachment":[{"href":"https:\/\/www.europesays.com\/fr\/wp-json\/wp\/v2\/media?parent=46628"}],"wp:term":[{"taxonomy":"category","embeddable":true,"href":"https:\/\/www.europesays.com\/fr\/wp-json\/wp\/v2\/categories?post=46628"},{"taxonomy":"post_tag","embeddable":true,"href":"https:\/\/www.europesays.com\/fr\/wp-json\/wp\/v2\/tags?post=46628"}],"curies":[{"name":"wp","href":"https:\/\/api.w.org\/{rel}","templated":true}]}}