{"id":466289,"date":"2025-10-16T01:50:19","date_gmt":"2025-10-16T01:50:19","guid":{"rendered":"https:\/\/www.europesays.com\/fr\/466289\/"},"modified":"2025-10-16T01:50:19","modified_gmt":"2025-10-16T01:50:19","slug":"avec-pescador-lillustrateur-orvaltais-olivier-chene-signe-sa-premiere-bande-dessinee","status":"publish","type":"post","link":"https:\/\/www.europesays.com\/fr\/466289\/","title":{"rendered":"Avec \u00ab\u00a0Pescador\u00a0\u00bb, l\u2019illustrateur orvaltais Olivier Ch\u00e9n\u00e9 signe sa premi\u00e8re bande dessin\u00e9e"},"content":{"rendered":"<p>Illustrateur vivant \u00e0<a href=\"https:\/\/nantes.maville.com\/pays-de-la-loire\/loire-atlantique\/orvault\/\" target=\"_blank\" rel=\"noopener\"> Orvault<\/a> (<a href=\"https:\/\/www.ouest-france.fr\/pays-de-la-loire\/loire-atlantique\/\" target=\"_blank\" rel=\"noopener\">Loire-Atlantique<\/a>), <a href=\"https:\/\/nantes.maville.com\/pays-de-la-loire\/loire-atlantique\/orvault\/\" target=\"_blank\" rel=\"noopener\">Olivier Ch\u00e9n\u00e9<\/a> signe, ce mois-ci, sa premi\u00e8re bande dessin\u00e9e, apr\u00e8s une vingtaine d\u2019albums jeunesse et de romans illustr\u00e9s. Un travail r\u00e9alis\u00e9 avec une autrice morbihannaise, Catherine Latteux.<\/p>\n<p>La bande dessin\u00e9e\u00a0Pescador (\u00e9ditions d\u2019eux)\u00a0qui s\u2019adresse aux enfants \u00e0 partir de 4\u00a0ans, conte l\u2019histoire d\u2019un petit port de p\u00eache d\u2019o\u00f9 la vie s\u2019est enfuie apr\u00e8s une mar\u00e9e noire. Le narrateur, un chat noir un peu froussard, suit Lucie, sa jeune amie, sur les traces d\u2019un dr\u00f4le de bonhomme, mi-homme, mi-animal, uniquement habill\u00e9 d\u2019un crop top \u00e0 rayure et dont l\u2019aura color\u00e9e tranche avec le gris ambiant. \u00c0 eux deux, ils vont r\u00e9ussir \u00e0 redonner couleurs et vie au village et faire revivre pour chacun des souvenirs enfouis.<\/p>\n<p>Rendez-vous au festival Herbulles<\/p>\n<p>\u00a0Une bande dessin\u00e9e repr\u00e9sente, pour moi, beaucoup plus de travail qu\u2019un album. Il faut faire le d\u00e9coupage s\u00e9quentiel et \u00eatre efficace pour que les images fonctionnent entre elles \u00bb, commente Olivier Ch\u00e9n\u00e9, qui, comme \u00e0 son habitude, a travaill\u00e9 \u00e0 l\u2019aquarelle et aux crayons de couleur.\u00a0Pour l\u2019auteur, de nombreux projets sont en cours\u00a0: la suite de l\u2019album  Elijah Betz, le renne punk d\u2019Angleterre  et l\u2019illustration du roman de George Sand\u00a0  Les ma\u00eetres sonneurs  .<\/p>\n<p> <strong>Lire aussi\u00a0:<\/strong>\u00a0<a href=\"https:\/\/nantes.maville.com\/actu\/actudet_-les-ateliers-de-la-gobiniere-essaiment-a-la-bugalliere-_8-7004933_actu.Htm\" target=\"_blank\" rel=\"noopener\">\u00c0 Orvault, les Ateliers d\u2019arts plastiques de la Gobini\u00e8re essaiment \u00e0 la Bugalli\u00e8re<\/a> <\/p>\n<p>Olivier Ch\u00e9n\u00e9 enseigne \u00e9galement l\u2019illustration \u00e0 l\u2019\u00e9cole Pivaut de Nantes et donne des cours de dessin \u00e0 la Bugalli\u00e8re, \u00e0 Orvault. Il sera pr\u00e9sent au festival Herbulles de Saint-Herblain, samedi 18\u00a0octobre, d\u00e9di\u00e9 \u00e0 la BD et aux albums jeunesse. C\u2019est d\u2019ailleurs lui qui a r\u00e9alis\u00e9 l\u2019affiche.<\/p>\n<p>La bande dessin\u00e9e Pescador sortira vendredi 7\u00a0novembre en librairie, mais est disponible en avant-premi\u00e8re au festival.<\/p>\n<p><strong>Samedi 18\u00a0octobre 2025,<\/strong> de 10\u00a0h \u00e0 18\u00a0h, salon des auteurs\u00a0: rencontres et d\u00e9dicaces, au carr\u00e9 des services,15, rue d\u2019Arras, \u00e0 Saint-Herblain.<\/p>\n<p>\u00a0<\/p>\n","protected":false},"excerpt":{"rendered":"Illustrateur vivant \u00e0 Orvault (Loire-Atlantique), Olivier Ch\u00e9n\u00e9 signe, ce mois-ci, sa premi\u00e8re bande dessin\u00e9e, apr\u00e8s une vingtaine d\u2019albums&hellip;\n","protected":false},"author":2,"featured_media":466290,"comment_status":"","ping_status":"","sticky":false,"template":"","format":"standard","meta":{"footnotes":""},"categories":[2818],"tags":[1111,11,26062,14967,36069,1777,674,1011,27,59007,766,12,1766,53848,2636,59006,25,3789],"class_list":{"0":"post-466289","1":"post","2":"type-post","3":"status-publish","4":"format-standard","5":"has-post-thumbnail","7":"category-nantes","8":"tag-actu","9":"tag-actualites","10":"tag-bande","11":"tag-chene","12":"tag-dessinee","13":"tag-eu","14":"tag-europe","15":"tag-fr","16":"tag-france","17":"tag-illustrateur","18":"tag-nantes","19":"tag-news","20":"tag-olivier","21":"tag-orvaltais","22":"tag-pays-de-la-loire","23":"tag-pescador","24":"tag-republique-francaise","25":"tag-signe"},"share_on_mastodon":{"url":"https:\/\/pubeurope.com\/@fr\/115381339619206479","error":""},"_links":{"self":[{"href":"https:\/\/www.europesays.com\/fr\/wp-json\/wp\/v2\/posts\/466289","targetHints":{"allow":["GET"]}}],"collection":[{"href":"https:\/\/www.europesays.com\/fr\/wp-json\/wp\/v2\/posts"}],"about":[{"href":"https:\/\/www.europesays.com\/fr\/wp-json\/wp\/v2\/types\/post"}],"author":[{"embeddable":true,"href":"https:\/\/www.europesays.com\/fr\/wp-json\/wp\/v2\/users\/2"}],"replies":[{"embeddable":true,"href":"https:\/\/www.europesays.com\/fr\/wp-json\/wp\/v2\/comments?post=466289"}],"version-history":[{"count":0,"href":"https:\/\/www.europesays.com\/fr\/wp-json\/wp\/v2\/posts\/466289\/revisions"}],"wp:featuredmedia":[{"embeddable":true,"href":"https:\/\/www.europesays.com\/fr\/wp-json\/wp\/v2\/media\/466290"}],"wp:attachment":[{"href":"https:\/\/www.europesays.com\/fr\/wp-json\/wp\/v2\/media?parent=466289"}],"wp:term":[{"taxonomy":"category","embeddable":true,"href":"https:\/\/www.europesays.com\/fr\/wp-json\/wp\/v2\/categories?post=466289"},{"taxonomy":"post_tag","embeddable":true,"href":"https:\/\/www.europesays.com\/fr\/wp-json\/wp\/v2\/tags?post=466289"}],"curies":[{"name":"wp","href":"https:\/\/api.w.org\/{rel}","templated":true}]}}