{"id":466300,"date":"2025-10-16T01:57:11","date_gmt":"2025-10-16T01:57:11","guid":{"rendered":"https:\/\/www.europesays.com\/fr\/466300\/"},"modified":"2025-10-16T01:57:11","modified_gmt":"2025-10-16T01:57:11","slug":"previsions-du-jeudi-16-octobre-2025-13","status":"publish","type":"post","link":"https:\/\/www.europesays.com\/fr\/466300\/","title":{"rendered":"pr\u00e9visions du jeudi 16 octobre 2025"},"content":{"rendered":"<p class=\"mb-4 text-lg md:leading-8 break-words\"><strong>M\u00e9t\u00e9o &#8211; On notera la pr\u00e9sence persistante de nuages aujourd&rsquo;hui. Des pluies \u00e9parses vont tomber sur la ville. Les temp\u00e9ratures seront de 13\u00b0C la matin\u00e9e et de 16\u00b0C l&rsquo;apr\u00e8s-midi&#8230;<\/strong><\/p>\n<p class=\"mb-4 text-lg md:leading-8 break-words\">Aujourd&rsquo;hui, le soleil sera dissimul\u00e9 derri\u00e8re des nuages \u00e0 Lille, o\u00f9 le ciel sera couvert. Les temp\u00e9ratures seront de 15\u00b0C. Une petite brise de nord-est soufflera. La matin\u00e9e va rester voil\u00e9e \u00e0 cause de l\u00e9gers nuages qui persistent dans le ciel. Les temp\u00e9ratures seront de 12\u00b0C au plus bas et de 15\u00b0C au plus haut. La grisaille ne se dissipe toujours pas, il y aura encore des nuages l&rsquo;apr\u00e8s-midi. Le temps sera ponctu\u00e9 par des pluies \u00e9parses. Les valeurs s&rsquo;\u00e9chelonneront de 14 \u00e0 17\u00b0C. Des pluies \u00e9parses tomberont dans la soir\u00e9e. Un ciel pluvieux est attendu dans la nuit entre jeudi et vendredi.<\/p>\n<p class=\"mb-4 text-lg md:leading-8 break-words\">Lille, o\u00f9 des nuages perdureront demain, continuera d&rsquo;attendre le soleil. Les temp\u00e9ratures seront comprises entre 13 et 16\u00b0C. Un l\u00e9ger vent de nord-est sera ressenti par les habitants. Le soleil peinera \u00e0 percer au milieu des nuages qui subsisteront dans la matin\u00e9e. Il faudra pr\u00e9voir son parapluie pour \u00e9viter les pluies \u00e9parses. Les valeurs s&rsquo;\u00e9chelonneront entre 13 et 15\u00b0C. Demain apr\u00e8s-midi, encore des nuages dans le ciel qui emp\u00eachent le soleil d&rsquo;appara\u00eetre. Les maximales pourront atteindre 16\u00b0C et les minimales seront de 14\u00b0C. On pr\u00e9voit une embellie pour cette soir\u00e9e.<\/p>\n<p class=\"mb-4 text-lg md:leading-8 break-words\">La m\u00e9t\u00e9o va s&rsquo;am\u00e9liorer dans les journ\u00e9es suivantes. Il va faire un temps relativement ensoleill\u00e9 avec des temp\u00e9ratures d&rsquo;environ 13\u00b0C.<\/p>\n<p class=\"mb-4 text-lg md:leading-8 break-words\"><a href=\"https:\/\/www.20minutes.fr\/planete\/previsions-meteo\/4179595-20251016-meteo-lille-previsions-jeudi-16-octobre-2025?at_medium=RSS%20feed&amp;at_campaign=ynews&amp;utm_source=yahoo&amp;utm_medium=rss&amp;utm_campaign=news_feed&amp;utm_content=read_more_link&quot;\" rel=\"nofollow noopener\" target=\"_blank\" data-ylk=\"slk:Lire la suite sur 20minutes;elm:context_link;itc:0;sec:content-canvas\" class=\"link \">Lire la suite sur 20minutes<\/a><\/p>\n","protected":false},"excerpt":{"rendered":"M\u00e9t\u00e9o &#8211; On notera la pr\u00e9sence persistante de nuages aujourd&rsquo;hui. Des pluies \u00e9parses vont tomber sur la ville.&hellip;\n","protected":false},"author":2,"featured_media":466301,"comment_status":"","ping_status":"","sticky":false,"template":"","format":"standard","meta":{"footnotes":""},"categories":[2815],"tags":[1111,11,1777,674,1011,27,811,51394,6172,1307,12,25],"class_list":{"0":"post-466300","1":"post","2":"type-post","3":"status-publish","4":"format-standard","5":"has-post-thumbnail","7":"category-lille","8":"tag-actu","9":"tag-actualites","10":"tag-eu","11":"tag-europe","12":"tag-fr","13":"tag-france","14":"tag-hauts-de-france","15":"tag-la-matinee","16":"tag-le-soleil","17":"tag-lille","18":"tag-news","19":"tag-republique-francaise"},"share_on_mastodon":{"url":"https:\/\/pubeurope.com\/@fr\/115381367188966396","error":""},"_links":{"self":[{"href":"https:\/\/www.europesays.com\/fr\/wp-json\/wp\/v2\/posts\/466300","targetHints":{"allow":["GET"]}}],"collection":[{"href":"https:\/\/www.europesays.com\/fr\/wp-json\/wp\/v2\/posts"}],"about":[{"href":"https:\/\/www.europesays.com\/fr\/wp-json\/wp\/v2\/types\/post"}],"author":[{"embeddable":true,"href":"https:\/\/www.europesays.com\/fr\/wp-json\/wp\/v2\/users\/2"}],"replies":[{"embeddable":true,"href":"https:\/\/www.europesays.com\/fr\/wp-json\/wp\/v2\/comments?post=466300"}],"version-history":[{"count":0,"href":"https:\/\/www.europesays.com\/fr\/wp-json\/wp\/v2\/posts\/466300\/revisions"}],"wp:featuredmedia":[{"embeddable":true,"href":"https:\/\/www.europesays.com\/fr\/wp-json\/wp\/v2\/media\/466301"}],"wp:attachment":[{"href":"https:\/\/www.europesays.com\/fr\/wp-json\/wp\/v2\/media?parent=466300"}],"wp:term":[{"taxonomy":"category","embeddable":true,"href":"https:\/\/www.europesays.com\/fr\/wp-json\/wp\/v2\/categories?post=466300"},{"taxonomy":"post_tag","embeddable":true,"href":"https:\/\/www.europesays.com\/fr\/wp-json\/wp\/v2\/tags?post=466300"}],"curies":[{"name":"wp","href":"https:\/\/api.w.org\/{rel}","templated":true}]}}