{"id":466304,"date":"2025-10-16T01:59:16","date_gmt":"2025-10-16T01:59:16","guid":{"rendered":"https:\/\/www.europesays.com\/fr\/466304\/"},"modified":"2025-10-16T01:59:16","modified_gmt":"2025-10-16T01:59:16","slug":"le-chef-de-file-eelv-hassen-hammou-convoque-devant-la-justice-pour-corruption-de-mineur","status":"publish","type":"post","link":"https:\/\/www.europesays.com\/fr\/466304\/","title":{"rendered":"le chef de file EELV Hassen Hammou convoqu\u00e9 devant la justice pour corruption de mineur"},"content":{"rendered":"<p>\n    L\u2019\u00e9lu avait \u00e9t\u00e9 choisi pour reconduire les Verts dans la coalition d\u2019union de la gauche lors des municipales des 15 et 22 mars prochains \u00e0 Marseille.<\/p>\n<p class=\"fig-paragraph\">Tout juste \u00e9lu chef de file des \u00e9cologistes \u00e0\u00a0<a href=\"http:\/\/www.lefigaro.fr\/marseille\/marseille-les-douaniers-demantelent-une-armurerie-300-armes-saisies-20251015\" data-fig-type=\"NewsFlash\" data-gtm-custom-categorie=\"navigation\" data-gtm-custom-action=\"crossclick\" data-gtm-custom-label=\"Contextuel\" data-gtm-event=\"customEventSPE\" data-fig-domain=\"LEFIGARO\" target=\"_blank\" rel=\"noopener\">Marseille<\/a>, Hassen Hammou est convoqu\u00e9 le 13 novembre devant le tribunal correctionnel pour corruption de mineur, a indiqu\u00e9 mercredi le parquet, des faits qu&rsquo;il conteste. Membre du bureau politique ex\u00e9cutif chez\u00a0<a href=\"http:\/\/www.lefigaro.fr\/lyon\/lyon-ca-chauffe-entre-eelv-et-lfi-apres-la-suspension-des-zfe-20250603\" data-fig-type=\"NewsFlash\" data-gtm-custom-categorie=\"navigation\" data-gtm-custom-action=\"crossclick\" data-gtm-custom-label=\"Contextuel\" data-gtm-event=\"customEventSPE\" data-fig-domain=\"LEFIGARO\" target=\"_blank\" rel=\"noopener\">Les \u00c9cologistes-EELV<\/a>, Hassen Hammou est accus\u00e9 de \u00abcorruption de mineur par un moyen de communication \u00e9lectronique\u00bb a indiqu\u00e9 le parquet, confirmant une information de La Provence.<\/p>\n<p class=\"fig-paragraph\">Sollicit\u00e9 par l&rsquo;AFP, Hammou a expliqu\u00e9 avoir \u00abdonn\u00e9 rendez-vous \u00e0 une femme\u00bb en ligne. \u00abJe ne connaissais pas sa minorit\u00e9\u00bb, assure-t-il. Lors de la rencontre, il d\u00e9clare avoir \u00e9t\u00e9 \u00abagress\u00e9 par deux personnes\u00bb qui lui volent ses biens. Pour ces faits, \u00abils se sont fait condamner par la justice\u00bb, ajoute-t-il.<\/p>\n<p>                                    <a class=\"fig-a11y-skip a11y-hidden\" href=\"#fig-a11y-skip-main-inarticle\"><br \/>\n        Passer la publicit\u00e9<br \/>\n    <\/a><\/p>\n<p>\u00abCela se transforme en proc\u00e8s politique\u00bb<\/p>\n<p class=\"fig-paragraph\">L&rsquo;ancien porte-parole r\u00e9gional d&rsquo;EELV Paca venait mardi de se faire \u00e9lire pour reconduire les Verts dans la coalition d&rsquo;union de la gauche lors des municipales des 15 et 22 mars prochains \u00e0 Marseille. \u00abCela se transforme en proc\u00e8s politique\u00bb, d\u00e9nonce Hammou qui estime \u00eatre \u00abvictime\u00bb, refusant ainsi de se mettre en retrait.<\/p>\n<p class=\"fig-paragraph\">L&rsquo;adjointe au maire de Marseille en charge de l&rsquo;environnement Christine Juste, contact\u00e9e par l&rsquo;AFP, se dit \u00ababasourdie\u00bb apr\u00e8s la r\u00e9v\u00e9lation de la convocation en justice. \u00abIl y a la pr\u00e9somption d&rsquo;innocence mais il aurait d\u00fb se mettre en retrait pour prot\u00e9ger les valeurs du parti\u00bb, estime l&rsquo;\u00e9lue.<\/p>\n","protected":false},"excerpt":{"rendered":"L\u2019\u00e9lu avait \u00e9t\u00e9 choisi pour reconduire les Verts dans la coalition d\u2019union de la gauche lors des municipales&hellip;\n","protected":false},"author":2,"featured_media":466305,"comment_status":"","ping_status":"","sticky":false,"template":"","format":"standard","meta":{"footnotes":""},"categories":[2814],"tags":[1111,11,1770,2286,1777,674,1011,27,884,12,882,25],"class_list":{"0":"post-466304","1":"post","2":"type-post","3":"status-publish","4":"format-standard","5":"has-post-thumbnail","7":"category-marseille","8":"tag-actu","9":"tag-actualites","10":"tag-corruption","11":"tag-eelv","12":"tag-eu","13":"tag-europe","14":"tag-fr","15":"tag-france","16":"tag-marseille","17":"tag-news","18":"tag-provence-alpes-cote-dazur","19":"tag-republique-francaise"},"share_on_mastodon":{"url":"https:\/\/pubeurope.com\/@fr\/115381375101761638","error":""},"_links":{"self":[{"href":"https:\/\/www.europesays.com\/fr\/wp-json\/wp\/v2\/posts\/466304","targetHints":{"allow":["GET"]}}],"collection":[{"href":"https:\/\/www.europesays.com\/fr\/wp-json\/wp\/v2\/posts"}],"about":[{"href":"https:\/\/www.europesays.com\/fr\/wp-json\/wp\/v2\/types\/post"}],"author":[{"embeddable":true,"href":"https:\/\/www.europesays.com\/fr\/wp-json\/wp\/v2\/users\/2"}],"replies":[{"embeddable":true,"href":"https:\/\/www.europesays.com\/fr\/wp-json\/wp\/v2\/comments?post=466304"}],"version-history":[{"count":0,"href":"https:\/\/www.europesays.com\/fr\/wp-json\/wp\/v2\/posts\/466304\/revisions"}],"wp:featuredmedia":[{"embeddable":true,"href":"https:\/\/www.europesays.com\/fr\/wp-json\/wp\/v2\/media\/466305"}],"wp:attachment":[{"href":"https:\/\/www.europesays.com\/fr\/wp-json\/wp\/v2\/media?parent=466304"}],"wp:term":[{"taxonomy":"category","embeddable":true,"href":"https:\/\/www.europesays.com\/fr\/wp-json\/wp\/v2\/categories?post=466304"},{"taxonomy":"post_tag","embeddable":true,"href":"https:\/\/www.europesays.com\/fr\/wp-json\/wp\/v2\/tags?post=466304"}],"curies":[{"name":"wp","href":"https:\/\/api.w.org\/{rel}","templated":true}]}}