{"id":466310,"date":"2025-10-16T02:03:38","date_gmt":"2025-10-16T02:03:38","guid":{"rendered":"https:\/\/www.europesays.com\/fr\/466310\/"},"modified":"2025-10-16T02:03:38","modified_gmt":"2025-10-16T02:03:38","slug":"nicolas-maquettiste-au-parc-france-miniature","status":"publish","type":"post","link":"https:\/\/www.europesays.com\/fr\/466310\/","title":{"rendered":"Nicolas\u00a0: Maquettiste au parc France Miniature"},"content":{"rendered":"<p>   <img decoding=\"async\" src=\"https:\/\/www.europesays.com\/fr\/wp-content\/uploads\/2025\/10\/1760580218_104_1200x680\" alt=\"illustration agrandir l'image\" style=\"--_image-preview:url('data:image\/jpeg;base64,\/9j\/2wBDACgcHiMeGSgjISMtKygwPGRBPDc3PHtYXUlkkYCZlo+AjIqgtObDoKrarYqMyP\/L2u71\/\/\/\/m8H\/\/\/\/6\/+b9\/\/j\/2wBDASstLTw1PHZBQXb4pYyl+Pj4+Pj4+Pj4+Pj4+Pj4+Pj4+Pj4+Pj4+Pj4+Pj4+Pj4+Pj4+Pj4+Pj4+Pj4+Pj4+Pj\/wAARCAAXACoDASIAAhEBAxEB\/8QAFwABAQEBAAAAAAAAAAAAAAAAAgABA\/\/EABcQAQEBAQAAAAAAAAAAAAAAAAABEQL\/xAAWAQEBAQAAAAAAAAAAAAAAAAACAAH\/xAAWEQEBAQAAAAAAAAAAAAAAAAAAARH\/2gAMAwEAAhEDEQA\/AM5hwY3QkRaPVVo2liHoCrMHGu1G1ImDatSJLG4kNa\/\/2Q==');\" loading=\"eager\" fetchpriority=\"high\" aria-hidden=\"true\" class=\"svelte-1pnmlwx rounded\" onload=\"this.__e=event\" onerror=\"this.__e=event\"\/> Nicolas Maquettiste au Parc France Miniature \u00a9 Aucun(e) &#8211; Romain BRUNEAU    <img decoding=\"async\" src=\"https:\/\/www.francebleu.fr\/images\/logo-ici-grey.svg\" alt=\"\" class=\"isFallback loaded svelte-1pnmlwx fullRounded\"\/> Romain Bruneau  <\/p>\n<p class=\"g-ici-body-regular-3 info svelte-1a514ib\">Diffus\u00e9 le mercredi 15 octobre 2025 \u00e0 6:20 <\/p>\n<p class=\"g-ici-body-regular-3 info svelte-1a514ib\">Publi\u00e9 le mercredi 15 octobre 2025 \u00e0 6:20 <\/p>\n<p class=\"g-ici-body-bold-1 standFirst svelte-g22axr\">Il a fait de sa passion, son m\u00e9tier. Entrez dans son atelier et d\u00e9couvrez les coulisses du parc France Miniature. <\/p>\n<p>Partez pour un voyage \u00e9tonnant en famille \u00e0 la d\u00e9couverte de 117 monuments\u00a0fran\u00e7ais reproduits au 1\/30\u00e8me, de 25 attractions et exp\u00e9riences ludiques r\u00e9parties sur le parc repr\u00e9sentant la carte de la France\u00a0! Pour d\u00e9couvrir les coulisses de\u00a0<a target=\"_blank\" rel=\"nofollow noopener noreferrer\" class=\"IciLink ici-link IciArticleLink g-ici-body-regular-1 underline brand svelte-lu7k6w\" href=\"https:\/\/www.franceminiature.fr\/fr\">France Miniature<\/a>, \u00e9coutez le portrait de Nicolas, maquettiste,\u00a0au micro de Romain BRUNEAU.<\/p>\n<ul class=\"SocialNetworks svelte-bt5901\">\n<li class=\"svelte-bt5901\"><\/li>\n<li class=\"svelte-bt5901\"><\/li>\n<li class=\"svelte-bt5901\"><\/li>\n<li class=\"svelte-bt5901\"><\/li>\n<li class=\"svelte-bt5901\"><\/li>\n<\/ul>\n<p class=\"g-ici-body-regular-3 description svelte-a5f61a\">Tous les vendredis, recevez le meilleur de la semaine d\u2019ici Paris \u00cele-de-France\u00a0: certifi\u00e9 100% local\u00a0!<\/p>\n<p>En cliquant sur \u00ab\u00a0S\u2019abonner\u00a0\u00bb, j&rsquo;accepte que les donn\u00e9es recueillies par<br \/>\n        Radio France soient destin\u00e9es \u00e0 l&rsquo;envoi par courrier \u00e9lectronique de<br \/>\n        contenus et d&rsquo;informations relatifs aux programmes. Plus d&rsquo;informations.<\/p>\n<p>Les \u00e9pisodes de l\u2019\u00e9mission\u00a0: Les gens d&rsquo;ici, ici Paris \u00cele-de-France<\/p>\n<p>Sur le m\u00eame th\u00e8me<\/p>\n<ul class=\"content svelte-bu824\">\n<li class=\"IciCard  standard svelte-41rkig\">\n<p class=\"standfirst g-ici-body-regular-2 svelte-41rkig\">Le Parc Zoologique de Paris ouvre sa nouvelle saison th\u00e9matique autour des \u00ab\u00a0intelligences animales\u00a0\u00bb. A d\u00e9couvrir en ce moment et jusqu&rsquo;au 2 novembre 2025 !<\/p>\n<\/li>\n<li class=\"IciCard  standard svelte-41rkig\">\n<p class=\"standfirst g-ici-body-regular-2 svelte-41rkig\">Pour la toute premi\u00e8re fois le Domaine national de Saint Cloud (Hauts-de-Seine) s&rsquo;habille aux couleurs d&rsquo;Halloween avec \u00ab\u00a0Le Parc de l&rsquo;\u00e9trange\u00a0\u00bb ! 1.5km de balade magique qui vous donnera froid dans le dos ! <\/p>\n<\/li>\n<li class=\"IciCard  standard svelte-41rkig\">\n<p class=\"standfirst g-ici-body-regular-2 svelte-41rkig\">Une ancienne carri\u00e8re industrielle est en train d&rsquo;\u00eatre transform\u00e9e en parc dans le secteur de Chelles. Un vrai poumon vert en banlieue Est parisienne, \u00e0 la crois\u00e9e des chemins entre Seine et Marne et Seine Saint Denis.<\/p>\n<\/li>\n<li class=\"IciCard  standard svelte-41rkig\">\n<p class=\"standfirst g-ici-body-regular-2 svelte-41rkig\">Romain Mabille, pr\u00e9sident du Collectif Ultras Paris, a accord\u00e9 un long entretien \u00e0 France Bleu Paris pour \u00e9voquer la position des ultras sur le dossier du Parc des Princes.<\/p>\n<\/li>\n<\/ul>\n","protected":false},"excerpt":{"rendered":"Nicolas Maquettiste au Parc France Miniature \u00a9 Aucun(e) &#8211; Romain BRUNEAU Romain Bruneau Diffus\u00e9 le mercredi 15 octobre&hellip;\n","protected":false},"author":2,"featured_media":466311,"comment_status":"","ping_status":"","sticky":false,"template":"","format":"standard","meta":{"footnotes":""},"categories":[1592],"tags":[1111,11,1777,674,1011,27,662,12,626,25],"class_list":{"0":"post-466310","1":"post","2":"type-post","3":"status-publish","4":"format-standard","5":"has-post-thumbnail","7":"category-ile-de-france","8":"tag-actu","9":"tag-actualites","10":"tag-eu","11":"tag-europe","12":"tag-fr","13":"tag-france","14":"tag-ile-de-france","15":"tag-news","16":"tag-paris","17":"tag-republique-francaise"},"share_on_mastodon":{"url":"https:\/\/pubeurope.com\/@fr\/115381391383756931","error":""},"_links":{"self":[{"href":"https:\/\/www.europesays.com\/fr\/wp-json\/wp\/v2\/posts\/466310","targetHints":{"allow":["GET"]}}],"collection":[{"href":"https:\/\/www.europesays.com\/fr\/wp-json\/wp\/v2\/posts"}],"about":[{"href":"https:\/\/www.europesays.com\/fr\/wp-json\/wp\/v2\/types\/post"}],"author":[{"embeddable":true,"href":"https:\/\/www.europesays.com\/fr\/wp-json\/wp\/v2\/users\/2"}],"replies":[{"embeddable":true,"href":"https:\/\/www.europesays.com\/fr\/wp-json\/wp\/v2\/comments?post=466310"}],"version-history":[{"count":0,"href":"https:\/\/www.europesays.com\/fr\/wp-json\/wp\/v2\/posts\/466310\/revisions"}],"wp:featuredmedia":[{"embeddable":true,"href":"https:\/\/www.europesays.com\/fr\/wp-json\/wp\/v2\/media\/466311"}],"wp:attachment":[{"href":"https:\/\/www.europesays.com\/fr\/wp-json\/wp\/v2\/media?parent=466310"}],"wp:term":[{"taxonomy":"category","embeddable":true,"href":"https:\/\/www.europesays.com\/fr\/wp-json\/wp\/v2\/categories?post=466310"},{"taxonomy":"post_tag","embeddable":true,"href":"https:\/\/www.europesays.com\/fr\/wp-json\/wp\/v2\/tags?post=466310"}],"curies":[{"name":"wp","href":"https:\/\/api.w.org\/{rel}","templated":true}]}}