{"id":466312,"date":"2025-10-16T02:04:12","date_gmt":"2025-10-16T02:04:12","guid":{"rendered":"https:\/\/www.europesays.com\/fr\/466312\/"},"modified":"2025-10-16T02:04:12","modified_gmt":"2025-10-16T02:04:12","slug":"donald-trump-envisage-des-frappes-terrestres-contre-les-cartels-venezueliens","status":"publish","type":"post","link":"https:\/\/www.europesays.com\/fr\/466312\/","title":{"rendered":"Donald Trump envisage des frappes terrestres contre les cartels v\u00e9n\u00e9zu\u00e9liens"},"content":{"rendered":"<p>                          <img loading=\"lazy\" decoding=\"async\" src=\"https:\/\/www.europesays.com\/fr\/wp-content\/uploads\/2025\/10\/7348757_ftp-import-images-1-e3vimkpyxvot-49021a78ccd44149949841597ff13544-0-3481b6c2e8394c8db036bb96.jpeg\" alt=\"Donald Trump, \u00e0 la Maison Blanche, \u00e0 Washington, le 15\u00a0octobre 2025.\"   width=\"664\" height=\"443\"\/>    Donald Trump, \u00e0 la Maison Blanche, \u00e0 Washington, le 15\u00a0octobre 2025.  JOHN MCDONNELL\/AP                          <\/p>\n<p class=\"article__paragraph  \">Donald Trump a dit, mercredi 15\u00a0octobre, \u00ab\u00a0envisager\u00a0\u00bb des frappes terrestres contre les cartels v\u00e9n\u00e9zu\u00e9liens, apr\u00e8s avoir d\u00e9ploy\u00e9 ces derni\u00e8res semaines des navires de guerre en mer des Cara\u00efbes. Ces derniers ont notamment tir\u00e9 des missiles contre des embarcations transportant de pr\u00e9sum\u00e9s narcotrafiquants au large du Venezuela.<\/p>\n<p class=\"article__paragraph  \">\u00ab\u00a0Je ne veux pas vous en dire plus, mais nous regardons du c\u00f4t\u00e9 du sol \u00e0 pr\u00e9sent, car nous contr\u00f4lons tr\u00e8s bien la mer\u00a0\u00bb, a r\u00e9pondu le pr\u00e9sident am\u00e9ricain dans le bureau Ovale de la Maison Blanche \u00e0 une question d\u2019un journaliste portant sur de potentielles frappes terrestres.<\/p>\n<p class=\"article__paragraph  \">La veille, Donald Trump avait annonc\u00e9 que<a href=\"https:\/\/www.lemonde.fr\/international\/article\/2025\/10\/14\/six-narcotrafiquants-tues-dans-une-nouvelle-frappe-au-large-du-venezuela-selon-donald-trump_6646648_3210.html\" rel=\"nofollow noopener\" target=\"_blank\"> six narcotrafiquants pr\u00e9sum\u00e9s avaient \u00e9t\u00e9 tu\u00e9s<\/a> dans une nouvelle frappe am\u00e9ricaine au large du Venezuela, la cinqui\u00e8me connue depuis d\u00e9but septembre, sur fond de vives tensions entre Washington et Caracas. Au moins vingt-sept personnes ont \u00e9t\u00e9 tu\u00e9es jusqu\u2019\u00e0 pr\u00e9sent dans le cadre de ces op\u00e9rations. Leur l\u00e9galit\u00e9, dans des eaux \u00e9trang\u00e8res ou internationales, contre des suspects qui n\u2019ont pas \u00e9t\u00e9 intercept\u00e9s ou interrog\u00e9s, fait d\u00e9bat.<\/p>\n<p>                                       Lire aussi |  Article r\u00e9serv\u00e9 \u00e0 nos abonn\u00e9s  <a href=\"https:\/\/www.lemonde.fr\/international\/article\/2025\/10\/02\/le-venezuela-pret-a-decreter-l-etat-d-urgence-pour-faire-face-aux-menaces-americaines_6644053_3210.html\" class=\"js-article-read-also catcher--favoris__link\" data-premium=\"1\" id=\"article-title-3440349\" rel=\"nofollow noopener\" target=\"_blank\">Le Venezuela pr\u00eat \u00e0 d\u00e9cr\u00e9ter l\u2019\u00e9tat d\u2019urgence pour faire face aux menaces am\u00e9ricaines<\/a>    <\/p>\n<p>   Lire plus tard  <\/p>\n<p class=\"article__paragraph  \">Le pr\u00e9sident r\u00e9publicain s\u2019est toutefois refus\u00e9 \u00e0 confirmer les informations du New York Times selon lesquelles il aurait secr\u00e8tement autoris\u00e9 la CIA \u00e0 mener des op\u00e9rations clandestines contre le gouvernement du pr\u00e9sident v\u00e9n\u00e9zu\u00e9lien, Nicolas Maduro. \u00ab\u00a0C\u2019est une question ridicule qu\u2019on me pose l\u00e0. Ce n\u2019est pas vraiment une question ridicule, mais ne serait-ce pas ridicule de ma part d\u2019y r\u00e9pondre\u00a0?\u00a0\u00bb, a-t-il dit.<\/p>\n<p>                    Nicolas Maduro ordonne des man\u0153uvres militaires                    <\/p>\n<p class=\"article__paragraph  \">\u00ab\u00a0Non \u00e0 la guerre dans les Cara\u00efbes (\u2026) Non au changement de r\u00e9gime qui nous rappelle tant les guerres \u00e9ternelles rat\u00e9es d\u2019Afghanistan, d\u2019Iran, d\u2019Irak (\u2026) Non aux coups d\u2019Etat foment\u00e9s par la CIA\u00a0\u00bb, a d\u00e9clar\u00e9 Nicolas Maduro, r\u00e9agissant aux propos de son homologue am\u00e9ricain.<\/p>\n<p class=\"article__paragraph  \">Des op\u00e9rations \u00ab\u00a0qui nous rappellent les 30\u00a0000 disparus caus\u00e9s par la CIA lors des coups d\u2019Etat en Argentine. [Et aussi lors de celui] de Pinochet [au Chili en\u00a01973] les 5\u00a0000 jeunes assassin\u00e9s et disparus. Encore combien de coups d\u2019Etat de la CIA\u00a0? L\u2019Am\u00e9rique latine ne les veut pas, n\u2019en a pas besoin et les rejette\u00a0\u00bb, a-t-il accus\u00e9 devant le Conseil national pour la souverainet\u00e9 et la paix, organe cr\u00e9\u00e9 en septembre sp\u00e9cialement pour cette crise.<\/p>\n<p class=\"article__paragraph  \">M.\u00a0Maduro a aussi ordonn\u00e9, mercredi, des man\u0153uvres militaires dans les quartiers populaires les plus importants du pays et annonc\u00e9 d\u2019autres exercices \u00e0 la fronti\u00e8re avec la Colombie. Cette mobilisation vise \u00e0 \u00ab\u00a0gagner la paix\u00a0\u00bb en d\u00e9fendant \u00ab\u00a0les montagnes, les c\u00f4tes, les \u00e9coles, les h\u00f4pitaux, les usines, les march\u00e9s\u00a0\u00bb du Venezuela, a d\u00e9clar\u00e9 le chef de l\u2019Etat. \u00ab\u00a0Nous allons activer toute la force militaire de d\u00e9fense int\u00e9grale, populaire, polici\u00e8re\u00a0\u00bb, a-t-il pr\u00e9cis\u00e9 dans un message audio sur Telegram.<\/p>\n<p class=\"article__paragraph  \">Ces op\u00e9rations doivent d\u00e9buter jeudi, et visent en particulier les Etats de Tachira, Apure et Amazonas \u2013 une r\u00e9gion par laquelle transite une partie de la coca\u00efne colombienne, et qui fait partie des cibles possibles \u00e9voqu\u00e9es par des sources proches de la Maison Blanche.<\/p>\n<p>                                       Lire aussi |  <a href=\"https:\/\/www.lemonde.fr\/international\/article\/2025\/10\/03\/le-venezuela-denonce-l-incursion-illegale-d-avions-de-chasse-americains_6644145_3210.html\" class=\"js-article-read-also catcher--favoris__link\" data-premium=\"\" id=\"article-title-3440710\" rel=\"nofollow noopener\" target=\"_blank\">Le Venezuela d\u00e9nonce l\u2019\u00ab\u00a0incursion ill\u00e9gale\u00a0\u00bb d\u2019avions de chasse am\u00e9ricains<\/a>    <\/p>\n<p>   Lire plus tard  <\/p>\n<p class=\"article__paragraph  \">Washington accuse Nicolas Maduro et son gouvernement d\u2019\u00eatre \u00e0 la t\u00eate d\u2019une vaste organisation de trafic de drogue vers les Etats-Unis et a d\u00e9ploy\u00e9 d\u00e9but septembre huit navires de guerre et un sous-marin \u00e0 propulsion nucl\u00e9aire au large des c\u00f4tes du Venezuela, officiellement dans le cadre d\u2019une op\u00e9ration contre le narcotrafic.<\/p>\n<p> Le Monde M\u00e9morable  <\/p>\n<p> <a href=\"https:\/\/www.lemonde.fr\/memorable\/?rfextension=inread\" class=\"inread__link js-services-inread-link\" target=\"_blank\" rel=\"nofollow noopener\">  <\/p>\n<p>Testez votre culture g\u00e9n\u00e9rale avec la r\u00e9daction du \u00ab Monde \u00bb<\/p>\n<p>Testez votre culture g\u00e9n\u00e9rale avec la r\u00e9daction du \u00ab Monde \u00bb<\/p>\n<p>D\u00e9couvrir<\/p>\n<p> <\/a>      <\/p>\n<p> Newsletter  <\/p>\n<p> <a href=\"https:\/\/www.lemonde.fr\/newsletters\/a-la-une\/\" class=\"inread__link js-services-inread-link\" target=\"_blank\" rel=\"nofollow noopener\">  <\/p>\n<p>\u00ab A la une \u00bb<\/p>\n<p>Chaque matin, parcourez l&rsquo;essentiel de l&rsquo;actualit\u00e9 du jour avec les derniers titres du \u00ab Monde \u00bb<\/p>\n<p>S&rsquo;inscrire<\/p>\n<p> <\/a>          <\/p>\n<p> Le Monde Application  <\/p>\n<p> <a href=\"https:\/\/lamatinale.onelink.me\/gKMy\/ahw2ubr3\" class=\"inread__link js-services-inread-link\" target=\"_blank\" rel=\"nofollow noopener\">  <\/p>\n<p>La Matinale du Monde<\/p>\n<p>Chaque matin, retrouvez notre s\u00e9lection de 20 articles \u00e0 ne pas manquer <\/p>\n<p>T\u00e9l\u00e9charger l&rsquo;application<\/p>\n<p> <\/a>      <\/p>\n<p> Newsletter abonn\u00e9s  <\/p>\n<p> <a href=\"https:\/\/www.lemonde.fr\/newsletters\/international\/\" class=\"inread__link js-services-inread-link\" target=\"_blank\" rel=\"nofollow noopener\">  <\/p>\n<p>\u00ab International \u00bb<\/p>\n<p>L\u2019essentiel de l\u2019actualit\u00e9 internationale de la semaine<\/p>\n<p>S&rsquo;inscrire<\/p>\n<p> <\/a>             <\/p>\n<p class=\"article__paragraph  \">Des accusations que Caracas d\u00e9ment vigoureusement et, qui, en r\u00e9ponse au d\u00e9ploiement am\u00e9ricain consid\u00e9r\u00e9 <a href=\"https:\/\/www.lemonde.fr\/international\/article\/2025\/10\/11\/le-venezuela-appelle-l-onu-a-agir-contre-une-possible-intervention-armee-des-etats-unis-sur-son-sol_6645710_3210.html\" rel=\"nofollow noopener\" target=\"_blank\">comme une \u00ab\u00a0menace militaire\u00a0\u00bb<\/a>, a lanc\u00e9 des exercices militaires et la mobilisation de r\u00e9servistes. Pour le pr\u00e9sident v\u00e9n\u00e9zu\u00e9lien, Washington utilise le trafic de drogue comme <a href=\"https:\/\/www.lemonde.fr\/international\/article\/2025\/09\/19\/le-venezuela-qualifie-le-deploiement-militaire-americain-dans-les-caraibes-de-guerre-non-declaree_6641917_3210.html\" rel=\"nofollow noopener\" target=\"_blank\">pr\u00e9texte \u00ab\u00a0pour imposer un changement de r\u00e9gime\u00a0\u00bb<\/a> et s\u2019emparer des importantes r\u00e9serves de p\u00e9trole du pays.<\/p>\n<p class=\"author__detail\">  Le Monde avec AFP  <\/p>\n<p>                <a href=\"https:\/\/www.lemonde.fr\/syndication\/\" class=\"reuse__content\" title=\"R\u00e9utiliser ce contenu\" target=\"_blank\" rel=\"nofollow noopener\">R\u00e9utiliser ce contenu<\/a>      <\/p>\n","protected":false},"excerpt":{"rendered":"Donald Trump, \u00e0 la Maison Blanche, \u00e0 Washington, le 15\u00a0octobre 2025. JOHN MCDONNELL\/AP Donald Trump a dit, mercredi&hellip;\n","protected":false},"author":2,"featured_media":466313,"comment_status":"","ping_status":"","sticky":false,"template":"","format":"standard","meta":{"footnotes":""},"categories":[1888],"tags":[1111,1928,11,1927,1777,674,1011,27,12,1926,626,1925,25],"class_list":{"0":"post-466312","1":"post","2":"type-post","3":"status-publish","4":"format-standard","5":"has-post-thumbnail","7":"category-paris","8":"tag-actu","9":"tag-actu-paris","10":"tag-actualites","11":"tag-actualites-paris","12":"tag-eu","13":"tag-europe","14":"tag-fr","15":"tag-france","16":"tag-news","17":"tag-news-paris","18":"tag-paris","19":"tag-paris-news","20":"tag-republique-francaise"},"share_on_mastodon":{"url":"https:\/\/pubeurope.com\/@fr\/115381395000875951","error":""},"_links":{"self":[{"href":"https:\/\/www.europesays.com\/fr\/wp-json\/wp\/v2\/posts\/466312","targetHints":{"allow":["GET"]}}],"collection":[{"href":"https:\/\/www.europesays.com\/fr\/wp-json\/wp\/v2\/posts"}],"about":[{"href":"https:\/\/www.europesays.com\/fr\/wp-json\/wp\/v2\/types\/post"}],"author":[{"embeddable":true,"href":"https:\/\/www.europesays.com\/fr\/wp-json\/wp\/v2\/users\/2"}],"replies":[{"embeddable":true,"href":"https:\/\/www.europesays.com\/fr\/wp-json\/wp\/v2\/comments?post=466312"}],"version-history":[{"count":0,"href":"https:\/\/www.europesays.com\/fr\/wp-json\/wp\/v2\/posts\/466312\/revisions"}],"wp:featuredmedia":[{"embeddable":true,"href":"https:\/\/www.europesays.com\/fr\/wp-json\/wp\/v2\/media\/466313"}],"wp:attachment":[{"href":"https:\/\/www.europesays.com\/fr\/wp-json\/wp\/v2\/media?parent=466312"}],"wp:term":[{"taxonomy":"category","embeddable":true,"href":"https:\/\/www.europesays.com\/fr\/wp-json\/wp\/v2\/categories?post=466312"},{"taxonomy":"post_tag","embeddable":true,"href":"https:\/\/www.europesays.com\/fr\/wp-json\/wp\/v2\/tags?post=466312"}],"curies":[{"name":"wp","href":"https:\/\/api.w.org\/{rel}","templated":true}]}}